{"id":1489,"date":"2021-09-28T12:07:23","date_gmt":"2021-09-28T10:07:23","guid":{"rendered":"https:\/\/feuerwehrwoerth.de\/wordpress\/?p=1489"},"modified":"2021-10-04T17:49:51","modified_gmt":"2021-10-04T15:49:51","slug":"heissausbildung-fuer-atemschutzgeraetetraeger","status":"publish","type":"post","link":"https:\/\/feuerwehrwoerth.de\/index.php\/2021\/09\/28\/heissausbildung-fuer-atemschutzgeraetetraeger\/","title":{"rendered":"Hei\u00dfausbildung f\u00fcr Atemschutzger\u00e4tetr\u00e4ger"},"content":{"rendered":"\n<p>Am vergangenen Wochenende besuchten einige Kameraden aus allen Einheiten der Feuerwehr W\u00f6rth am Rhein ein Seminar zur Realbrandausbildung. Die <a href=\"https:\/\/firebox.training\" class=\"ek-link\">FIREBOX<\/a> ist eine mobile, mit Holz befeuerte Simulationsanlage.<\/p>\n\n\n\n<p>Zu Beginn fand eine umfangreiche Sicherheitseinweisung durch die Trainer statt. Hier wurde erl\u00e4utert was beim Betreten der Anlage zu beachten ist und wo m\u00f6gliche Gefahrenquellen sind. Ebenso wurde schnell rekapituliert, was f\u00fcr einen Brand n\u00f6tig ist, Stichwort <a href=\"https:\/\/de.wikipedia.org\/wiki\/Verbrennungsdreieck\" class=\"ek-link\">Verbrennungsdreieck<\/a> (Brennbarer Stoff, Sauerstoff, Temperatur).<\/p>\n\n\n\n<p>Bevor die Teilnehmer den Container Betreten durften, wurde der korrekte Sitz der pers\u00f6nlichen Schutzausr\u00fcstung (PSA) durch die Trainer gepr\u00fcft, um Verletzungen zu vermeiden. Danach ging es f\u00fcr alle Teilnehmer in den Container zur W\u00e4rmegew\u00f6hnung.<\/p>\n\n\n\n<p>In der Brennkammer des Containers wurde dann der Verlauf eines Brandes, vom Entstehungsbrand bis zum Vollbrand (<a href=\"https:\/\/de.wikipedia.org\/wiki\/Flashover\" class=\"ek-link\">Flashover<\/a>) demonstriert. Ein Highlight des Seminars waren die Rauchdurchz\u00fcndungen (<a href=\"https:\/\/de.wikipedia.org\/wiki\/Rauchdurchz\u00fcndung\" class=\"ek-link\">Rollover<\/a>) der sich im Container befindlichen Rauchgase. Hierbei bewegt sich eine Feuerwalze \u00fcber die K\u00f6pfe der Feuerwehrleute hinweg. Zudem wurde der Container einmal komplett verraucht, sodass Nullsicht herrscht und nur noch eine Orientierung \u00fcber die W\u00e4rmebildkamera m\u00f6glich ist.<\/p>\n\n\n\n<p>An diesem Wochenende lernten die Atemschutzger\u00e4tetr\u00e4ger ihrer Ausr\u00fcstung zu vertrauen und konnten in dieser kontrollierten Umgebung auch an ihre k\u00f6rperlichen Grenzen gehen.<\/p>\n\n\n\n<p>Besonderer Dank geht an die Freiwillige Feuerwehr Kandel, bei der die Anlage stationiert wurde, sich um die Verpflegung und Wartung der Ausr\u00fcstung k\u00fcmmerte und deren Ger\u00e4tehaus f\u00fcr die Ausbildung genutzt werden konnte. Ebenfalls bedanken wir uns bei dem Deutschen Roten Kreuz f\u00fcr den Sanit\u00e4tsdienst und bei den Trainern von FIREBOX!<\/p>\n\n\n\n<figure class=\"wp-block-gallery columns-3 is-cropped wp-block-gallery-1\"><ul class=\"blocks-gallery-grid\"><li class=\"blocks-gallery-item\"><figure><img loading=\"lazy\" decoding=\"async\" width=\"768\" height=\"1024\" src=\"https:\/\/feuerwehrwoerth.de\/wp-content\/uploads\/2021\/09\/e6b0ff3d-2f61-4984-9f0f-002b33ecf988-768x1024.jpg\" alt=\"\" data-id=\"1494\" data-full-url=\"https:\/\/feuerwehrwoerth.de\/wp-content\/uploads\/2021\/09\/e6b0ff3d-2f61-4984-9f0f-002b33ecf988.jpg\" data-link=\"https:\/\/feuerwehrwoerth.de\/index.php\/2021\/09\/28\/heissausbildung-fuer-atemschutzgeraetetraeger\/e6b0ff3d-2f61-4984-9f0f-002b33ecf988\/\" class=\"wp-image-1494\" srcset=\"https:\/\/feuerwehrwoerth.de\/wp-content\/uploads\/2021\/09\/e6b0ff3d-2f61-4984-9f0f-002b33ecf988-768x1024.jpg 768w, https:\/\/feuerwehrwoerth.de\/wp-content\/uploads\/2021\/09\/e6b0ff3d-2f61-4984-9f0f-002b33ecf988-225x300.jpg 225w, https:\/\/feuerwehrwoerth.de\/wp-content\/uploads\/2021\/09\/e6b0ff3d-2f61-4984-9f0f-002b33ecf988-1152x1536.jpg 1152w, https:\/\/feuerwehrwoerth.de\/wp-content\/uploads\/2021\/09\/e6b0ff3d-2f61-4984-9f0f-002b33ecf988.jpg 1200w\" sizes=\"auto, (max-width: 768px) 100vw, 768px\" \/><figcaption class=\"blocks-gallery-item__caption is-layout-flex wp-block-gallery-is-layout-flex\">Atemschutzger\u00e4tetr\u00e4ger mit angelegter PSA<\/figcaption><\/figure><\/li><li class=\"blocks-gallery-item\"><figure><img loading=\"lazy\" decoding=\"async\" width=\"1024\" height=\"768\" src=\"https:\/\/feuerwehrwoerth.de\/wp-content\/uploads\/2021\/09\/bb39d0f7-f50a-4703-b9ab-aa6b3a437188-1024x768.jpg\" alt=\"\" data-id=\"1495\" data-full-url=\"https:\/\/feuerwehrwoerth.de\/wp-content\/uploads\/2021\/09\/bb39d0f7-f50a-4703-b9ab-aa6b3a437188.jpg\" data-link=\"https:\/\/feuerwehrwoerth.de\/index.php\/2021\/09\/28\/heissausbildung-fuer-atemschutzgeraetetraeger\/bb39d0f7-f50a-4703-b9ab-aa6b3a437188\/\" class=\"wp-image-1495\" srcset=\"https:\/\/feuerwehrwoerth.de\/wp-content\/uploads\/2021\/09\/bb39d0f7-f50a-4703-b9ab-aa6b3a437188-1024x768.jpg 1024w, https:\/\/feuerwehrwoerth.de\/wp-content\/uploads\/2021\/09\/bb39d0f7-f50a-4703-b9ab-aa6b3a437188-300x225.jpg 300w, https:\/\/feuerwehrwoerth.de\/wp-content\/uploads\/2021\/09\/bb39d0f7-f50a-4703-b9ab-aa6b3a437188-768x576.jpg 768w, https:\/\/feuerwehrwoerth.de\/wp-content\/uploads\/2021\/09\/bb39d0f7-f50a-4703-b9ab-aa6b3a437188-1536x1152.jpg 1536w, https:\/\/feuerwehrwoerth.de\/wp-content\/uploads\/2021\/09\/bb39d0f7-f50a-4703-b9ab-aa6b3a437188.jpg 1600w\" sizes=\"auto, (max-width: 1024px) 100vw, 1024px\" \/><figcaption class=\"blocks-gallery-item__caption\">Abschlussfoto<\/figcaption><\/figure><\/li><li class=\"blocks-gallery-item\"><figure><img loading=\"lazy\" decoding=\"async\" width=\"768\" height=\"1024\" src=\"https:\/\/feuerwehrwoerth.de\/wp-content\/uploads\/2021\/09\/26d5c759-1295-4277-8bf3-ea30eca8901b-768x1024.jpg\" alt=\"\" data-id=\"1496\" data-full-url=\"https:\/\/feuerwehrwoerth.de\/wp-content\/uploads\/2021\/09\/26d5c759-1295-4277-8bf3-ea30eca8901b.jpg\" data-link=\"https:\/\/feuerwehrwoerth.de\/index.php\/2021\/09\/28\/heissausbildung-fuer-atemschutzgeraetetraeger\/26d5c759-1295-4277-8bf3-ea30eca8901b\/\" class=\"wp-image-1496\" srcset=\"https:\/\/feuerwehrwoerth.de\/wp-content\/uploads\/2021\/09\/26d5c759-1295-4277-8bf3-ea30eca8901b-768x1024.jpg 768w, https:\/\/feuerwehrwoerth.de\/wp-content\/uploads\/2021\/09\/26d5c759-1295-4277-8bf3-ea30eca8901b-225x300.jpg 225w, https:\/\/feuerwehrwoerth.de\/wp-content\/uploads\/2021\/09\/26d5c759-1295-4277-8bf3-ea30eca8901b-1152x1536.jpg 1152w, https:\/\/feuerwehrwoerth.de\/wp-content\/uploads\/2021\/09\/26d5c759-1295-4277-8bf3-ea30eca8901b.jpg 1200w\" sizes=\"auto, (max-width: 768px) 100vw, 768px\" \/><figcaption class=\"blocks-gallery-item__caption\">Impression vom Container<\/figcaption><\/figure><\/li><\/ul><\/figure>\n\n\n\n<div class=\"wp-block-advgb-video advgb-video-block full-width\" data-video=\"https:\/\/feuerwehrwoerth.de\/wp-content\/uploads\/2021\/09\/3211d2ba-4ac2-4ba7-ab01-c2ff42c55fa5.mp4\" data-source=\"local\" data-video-attr=\"controls,playsinline\" data-video-preload=\"metadata\"><div class=\"advgb-video-wrapper full-width no-lightbox\"><video class=\"full-width\" height=\"450\" poster=\"https:\/\/feuerwehrwoerth.de\/wordpress\/wp-content\/uploads\/2021\/09\/f288197f-c0b3-493b-b8b8-8b0df194a7ba.jpg\" controls preload=\"metadata\" playsinline><source src=\"https:\/\/feuerwehrwoerth.de\/wp-content\/uploads\/2021\/09\/3211d2ba-4ac2-4ba7-ab01-c2ff42c55fa5.mp4\"\/>Your browser does not support HTML5 video.<\/video><\/div><\/div>\n\n\n\n<div class=\"wp-block-advgb-video advgb-video-block full-width\" data-video=\"https:\/\/feuerwehrwoerth.de\/wp-content\/uploads\/2021\/09\/02c739ec-e894-4a9d-ab48-1d8144b38735.mp4\" data-source=\"local\" data-video-attr=\"controls,playsinline\" data-video-preload=\"metadata\"><div class=\"advgb-video-wrapper full-width no-lightbox\"><video class=\"full-width\" height=\"450\" poster=\"https:\/\/feuerwehrwoerth.de\/wordpress\/wp-content\/uploads\/2021\/09\/26d5c759-1295-4277-8bf3-ea30eca8901b.jpg\" controls preload=\"metadata\" playsinline><source src=\"https:\/\/feuerwehrwoerth.de\/wp-content\/uploads\/2021\/09\/02c739ec-e894-4a9d-ab48-1d8144b38735.mp4\"\/>Your browser does not support HTML5 video.<\/video><\/div><\/div>\n","protected":false},"excerpt":{"rendered":"<p>Am vergangenen Wochenende besuchten einige Kameraden aus allen Einheiten der Feuerwehr W\u00f6rth am Rhein ein Seminar zur Realbrandausbildung. Die FIREBOX ist eine mobile, mit Holz befeuerte Simulationsanlage. Zu Beginn fand eine umfangreiche Sicherheitseinweisung durch die Trainer statt. Hier wurde erl\u00e4utert was beim Betreten der Anlage zu beachten ist und wo m\u00f6gliche Gefahrenquellen sind. Ebenso wurde [&hellip;]<\/p>\n","protected":false},"author":1,"featured_media":1602,"comment_status":"closed","ping_status":"open","sticky":false,"template":"","format":"standard","meta":{"advgb_blocks_editor_width":"","advgb_blocks_columns_visual_guide":"","ngg_post_thumbnail":0,"_jetpack_memberships_contains_paid_content":false,"footnotes":""},"categories":[39,41],"tags":[68,69,70],"class_list":["post-1489","post","type-post","status-publish","format-standard","has-post-thumbnail","hentry","category-ausbildung","category-uebung","tag-agt","tag-heissausbildung","tag-brandcontainer"],"author_meta":{"display_name":"Christian","author_link":"https:\/\/feuerwehrwoerth.de\/index.php\/author\/chris\/"},"featured_img":"https:\/\/feuerwehrwoerth.de\/wp-content\/uploads\/2021\/10\/brandcontainer-300x164.jpg","jetpack_featured_media_url":"https:\/\/feuerwehrwoerth.de\/wp-content\/uploads\/2021\/10\/brandcontainer.jpg","coauthors":[],"tax_additional":{"categories":{"linked":["<a href=\"https:\/\/feuerwehrwoerth.de\/index.php\/category\/ausbildung\/\" class=\"advgb-post-tax-term\">Ausbildung<\/a>","<a href=\"https:\/\/feuerwehrwoerth.de\/index.php\/category\/uebung\/\" class=\"advgb-post-tax-term\">\u00dcbung<\/a>"],"unlinked":["<span class=\"advgb-post-tax-term\">Ausbildung<\/span>","<span class=\"advgb-post-tax-term\">\u00dcbung<\/span>"]},"tags":{"linked":["<a href=\"https:\/\/feuerwehrwoerth.de\/index.php\/category\/uebung\/\" class=\"advgb-post-tax-term\">agt<\/a>","<a href=\"https:\/\/feuerwehrwoerth.de\/index.php\/category\/uebung\/\" class=\"advgb-post-tax-term\">hei\u00dfausbildung<\/a>","<a href=\"https:\/\/feuerwehrwoerth.de\/index.php\/category\/uebung\/\" class=\"advgb-post-tax-term\">brandcontainer<\/a>"],"unlinked":["<span class=\"advgb-post-tax-term\">agt<\/span>","<span class=\"advgb-post-tax-term\">hei\u00dfausbildung<\/span>","<span class=\"advgb-post-tax-term\">brandcontainer<\/span>"]}},"comment_count":"0","relative_dates":{"created":"Posted 5\u00a0Jahren ago","modified":"Updated 5\u00a0Jahren ago"},"absolute_dates":{"created":"Posted on 28. September 2021","modified":"Updated on 4. Oktober 2021"},"absolute_dates_time":{"created":"Posted on 28. September 2021 12:07","modified":"Updated on 4. Oktober 2021 17:49"},"featured_img_caption":"","series_order":"","jetpack_sharing_enabled":true,"_links":{"self":[{"href":"https:\/\/feuerwehrwoerth.de\/index.php\/wp-json\/wp\/v2\/posts\/1489","targetHints":{"allow":["GET"]}}],"collection":[{"href":"https:\/\/feuerwehrwoerth.de\/index.php\/wp-json\/wp\/v2\/posts"}],"about":[{"href":"https:\/\/feuerwehrwoerth.de\/index.php\/wp-json\/wp\/v2\/types\/post"}],"author":[{"embeddable":true,"href":"https:\/\/feuerwehrwoerth.de\/index.php\/wp-json\/wp\/v2\/users\/1"}],"replies":[{"embeddable":true,"href":"https:\/\/feuerwehrwoerth.de\/index.php\/wp-json\/wp\/v2\/comments?post=1489"}],"version-history":[{"count":22,"href":"https:\/\/feuerwehrwoerth.de\/index.php\/wp-json\/wp\/v2\/posts\/1489\/revisions"}],"predecessor-version":[{"id":1786,"href":"https:\/\/feuerwehrwoerth.de\/index.php\/wp-json\/wp\/v2\/posts\/1489\/revisions\/1786"}],"wp:featuredmedia":[{"embeddable":true,"href":"https:\/\/feuerwehrwoerth.de\/index.php\/wp-json\/wp\/v2\/media\/1602"}],"wp:attachment":[{"href":"https:\/\/feuerwehrwoerth.de\/index.php\/wp-json\/wp\/v2\/media?parent=1489"}],"wp:term":[{"taxonomy":"category","embeddable":true,"href":"https:\/\/feuerwehrwoerth.de\/index.php\/wp-json\/wp\/v2\/categories?post=1489"},{"taxonomy":"post_tag","embeddable":true,"href":"https:\/\/feuerwehrwoerth.de\/index.php\/wp-json\/wp\/v2\/tags?post=1489"}],"curies":[{"name":"wp","href":"https:\/\/api.w.org\/{rel}","templated":true}]}}