{"id":1716,"date":"2021-08-15T15:50:00","date_gmt":"2021-08-15T13:50:00","guid":{"rendered":"https:\/\/feuerwehrwoerth.de\/wordpress\/?p=1716"},"modified":"2021-10-04T16:21:16","modified_gmt":"2021-10-04T14:21:16","slug":"jahreshauptversammlung-zum-berichtsjahr-2020","status":"publish","type":"post","link":"https:\/\/feuerwehrwoerth.de\/index.php\/2021\/08\/15\/jahreshauptversammlung-zum-berichtsjahr-2020\/","title":{"rendered":"Jahreshauptversammlung zum Berichtsjahr 2020"},"content":{"rendered":"\n<p>Am Samstag, den 14. August 2021, fand im Ger\u00e4tehaus der Freiwilligen Feuerwehr W\u00f6rth die Jahreshauptversammlung f\u00fcr das Gesch\u00e4ftsjahr 2020 statt. Pandemiebedingt wurde sie in der Fahrzeughalle abgehalten und alle Anwesende wurden zuvor getestet.<\/p>\n\n\n\n<p>Wehrf\u00fchrer Alexander Mieger begr\u00fc\u00dfte die Anwesenden Kameraden und die Wehrleitung vertreten durch J\u00fcrgen Stephany und dessen Stellvertreter Rainer B\u00f6ser sowie den 1. Beigeordneten der Stadt W\u00f6rth, Rolf Hammel. Besonders begr\u00fc\u00dfte er, dass auch sehr viele Mitglieder der Kameradschaftlichen Vereinigung, die keinen aktiven Feuerwehrdienst mehr leisten, durch ihre Anwesenheit ihre Verbundenheit zum Ausdruck brachten.<\/p>\n\n\n\n<p>In seinem Jahresbericht als Wehrf\u00fchrer berichtete er \u00fcber den Dienstbetrieb, die Ereignisse und Entwicklungen in dem Berichtsjahr 2020. Mit insgesamt 142 Eins\u00e4tzen waren es deutlich weniger gegen\u00fcber dem Vorjahr, was sicherlich mit den Corona-Einschr\u00e4nkungen der Bev\u00f6lkerung zur\u00fcckzuf\u00fchren ist. Alle Eins\u00e4tze konnten auch in diesem Jahr erfolgreich bew\u00e4ltigt werden. Insgesamt mussten f\u00fcr Eins\u00e4tze 912 Stunden aufgewendet werden. Dazu kamen 1157 Stunden f\u00fcr die notwendige Ausbildung und \u00dcbungen. Zusammen also 2069 Stunden. Dies ergibt ca. 23 % der Stunden eines Jahres, die von den Feuerwehrangeh\u00f6rigen ehrenamtlich zum Wohle der Allgemeinheit geleistet wurden. Die Personalst\u00e4rke blieb unver\u00e4ndert zum Vorjahr bei 48 aktive Feuerwehrangeh\u00f6rige. Bef\u00f6rdert wurde zum Feuerwehrmann Baturalp Arioglu, Christian Baumann und Tobias Radike.<\/p>\n\n\n\n<p>F\u00fcr langj\u00e4hrige Feuerwehrt\u00e4tigkeit wurden geehrt: Michelle Pfirrmann und Vincent Virgulto f\u00fcr 10 Jahre, Patrick Hartmann, Fabian Karl und Tobias Neff f\u00fcr 15 Jahre, Ralph Nagel und Dennis Stieber f\u00fcr 20 Jahre, Olav Loch, Michael Schloss und Bernd W\u00fcst f\u00fcr 35 Jahre, Roland Kraus und Uwe W\u00fcst f\u00fcr 40 Jahre. F\u00fcr 55 Jahre wurden Manfred Fried, Gerolf Isemann, Helmut Karl, Edgar Pfirrmann, Reinhold Schwein und Berthold Simon. Gerade diesen Kameraden verdankt die W\u00f6rther Feuerwehr viel. Denn ohne deren Engagement w\u00e4re diese Wehr nicht so gut aufgestellt wie heute, so Wehrf\u00fchrer Alexander Mieger.<\/p>\n\n\n\n<p>Zum Abschluss appellierte er noch an die aktiven Kameraden der Einsatzabteilung wie wichtig die regelm\u00e4\u00dfigen \u00dcbungen seien und dass die W\u00f6rther Wehr als St\u00fctzpunktwehr auch eine gro\u00dfe Verantwortung gegen\u00fcber den B\u00fcrgern trage.<\/p>\n\n\n\n<p>Bei den Neuwahlen des Verwaltungsrates wurde Torsten Benneter als Kassier und Thomas Graf als Schriftf\u00fchrer best\u00e4tigt. Als Beisitzer wurden Kai Guldenschuh, Roland Kraus, Philipp Niederer, Lucas Offenbacher, Martin Sulzer und Nina Weber sowie als Kassenpr\u00fcfer G\u00fcnter Vogel und J\u00fcrgen Weber gew\u00e4hlt.<\/p>\n\n\n\n<div>ngg_shortcode_0_placeholder<\/div>\n","protected":false},"excerpt":{"rendered":"<p>Am Samstag, den 14. August 2021, fand im Ger\u00e4tehaus der Freiwilligen Feuerwehr W\u00f6rth die Jahreshauptversammlung f\u00fcr das Gesch\u00e4ftsjahr 2020 statt. Pandemiebedingt wurde sie in der Fahrzeughalle abgehalten und alle Anwesende wurden zuvor getestet. Wehrf\u00fchrer Alexander Mieger begr\u00fc\u00dfte die Anwesenden Kameraden und die Wehrleitung vertreten durch J\u00fcrgen Stephany und dessen Stellvertreter Rainer B\u00f6ser sowie den 1. [&hellip;]<\/p>\n","protected":false},"author":1,"featured_media":1729,"comment_status":"closed","ping_status":"open","sticky":false,"template":"","format":"standard","meta":{"advgb_blocks_editor_width":"","advgb_blocks_columns_visual_guide":"","ngg_post_thumbnail":0,"_jetpack_memberships_contains_paid_content":false,"footnotes":""},"categories":[1],"tags":[],"class_list":["post-1716","post","type-post","status-publish","format-standard","has-post-thumbnail","hentry","category-allgemein"],"author_meta":{"display_name":"Christian","author_link":"https:\/\/feuerwehrwoerth.de\/index.php\/author\/chris\/"},"featured_img":"https:\/\/feuerwehrwoerth.de\/wp-content\/uploads\/2021\/08\/2021-08-15-jhv-moderation.jpg-300x164.jpg","jetpack_featured_media_url":"https:\/\/feuerwehrwoerth.de\/wp-content\/uploads\/2021\/08\/2021-08-15-jhv-moderation.jpg.jpg","coauthors":[],"tax_additional":{"categories":{"linked":["<a href=\"https:\/\/feuerwehrwoerth.de\/index.php\/category\/allgemein\/\" class=\"advgb-post-tax-term\">Allgemein<\/a>"],"unlinked":["<span class=\"advgb-post-tax-term\">Allgemein<\/span>"]}},"comment_count":"0","relative_dates":{"created":"Posted 5\u00a0Jahren ago","modified":"Updated 5\u00a0Jahren ago"},"absolute_dates":{"created":"Posted on 15. August 2021","modified":"Updated on 4. Oktober 2021"},"absolute_dates_time":{"created":"Posted on 15. August 2021 15:50","modified":"Updated on 4. Oktober 2021 16:21"},"featured_img_caption":"","series_order":"","jetpack_sharing_enabled":true,"_links":{"self":[{"href":"https:\/\/feuerwehrwoerth.de\/index.php\/wp-json\/wp\/v2\/posts\/1716","targetHints":{"allow":["GET"]}}],"collection":[{"href":"https:\/\/feuerwehrwoerth.de\/index.php\/wp-json\/wp\/v2\/posts"}],"about":[{"href":"https:\/\/feuerwehrwoerth.de\/index.php\/wp-json\/wp\/v2\/types\/post"}],"author":[{"embeddable":true,"href":"https:\/\/feuerwehrwoerth.de\/index.php\/wp-json\/wp\/v2\/users\/1"}],"replies":[{"embeddable":true,"href":"https:\/\/feuerwehrwoerth.de\/index.php\/wp-json\/wp\/v2\/comments?post=1716"}],"version-history":[{"count":4,"href":"https:\/\/feuerwehrwoerth.de\/index.php\/wp-json\/wp\/v2\/posts\/1716\/revisions"}],"predecessor-version":[{"id":1726,"href":"https:\/\/feuerwehrwoerth.de\/index.php\/wp-json\/wp\/v2\/posts\/1716\/revisions\/1726"}],"wp:featuredmedia":[{"embeddable":true,"href":"https:\/\/feuerwehrwoerth.de\/index.php\/wp-json\/wp\/v2\/media\/1729"}],"wp:attachment":[{"href":"https:\/\/feuerwehrwoerth.de\/index.php\/wp-json\/wp\/v2\/media?parent=1716"}],"wp:term":[{"taxonomy":"category","embeddable":true,"href":"https:\/\/feuerwehrwoerth.de\/index.php\/wp-json\/wp\/v2\/categories?post=1716"},{"taxonomy":"post_tag","embeddable":true,"href":"https:\/\/feuerwehrwoerth.de\/index.php\/wp-json\/wp\/v2\/tags?post=1716"}],"curies":[{"name":"wp","href":"https:\/\/api.w.org\/{rel}","templated":true}]}}