{"id":1737,"date":"2021-07-04T16:35:00","date_gmt":"2021-07-04T14:35:00","guid":{"rendered":"https:\/\/feuerwehrwoerth.de\/wordpress\/?p=1737"},"modified":"2021-10-04T16:35:46","modified_gmt":"2021-10-04T14:35:46","slug":"hochwasserinformation","status":"publish","type":"post","link":"https:\/\/feuerwehrwoerth.de\/index.php\/2021\/07\/04\/hochwasserinformation\/","title":{"rendered":"Hochwasserinformation"},"content":{"rendered":"\n<p>Wieder einmal steht eine Hochwassersituation am Rhein an. Die Regenf\u00e4lle der vergangenen Tage sorgen f\u00fcr hohe Pegelst\u00e4nde. Die Feuerwehren im Landkreis sind wieder im Einsatz.<\/p>\n\n\n\n<p>Ab heute sind die Feuerwehrger\u00e4teh\u00e4user in Maximiliansau und W\u00f6rth wieder bis zum Abklingen des Hochwassers besetzt. Es werden wie \u00fcblich in regelm\u00e4\u00dfigen Abst\u00e4nden Kontrollg\u00e4nge entlang des Rheins und an besonderen Stellen durchf\u00fchrt. Die Deichscharten (Durchg\u00e4nge zum Rhein) sind vollst\u00e4ndig geschlossen. Aufgrund von ergiebigen Niederschl\u00e4gen wird am Rhein mit einem schnell und stark ansteigenden Pegelstand gerechnet. Aktuell wird der Scheitelpunkt bei einem Wasserstand von mehr als 8,50m erwartet. Diese Prognose ist abh\u00e4ngig von der weiteren Niederschlagsentwicklung und kann durchaus noch korrigiert werden. Im Laufe des Tages wird der Polder W\u00f6rth\/Jockgrim geflutet.<\/p>\n\n\n\n<p>Bitte meiden sie diesen Bereich. Meiden Sie bitte ebenso Uferbereiche und \u00dcberschwemmungsgebiete, da hier aufgrund der Str\u00f6mung Lebensgefahr besteht!<\/p>\n\n\n\n<p>Wir beobachten die Situation genau und informieren gegebenenfalls \u00fcber weitere Ma\u00dfnahmen.<\/p>\n","protected":false},"excerpt":{"rendered":"<p>Wieder einmal steht eine Hochwassersituation am Rhein an. Die Regenf\u00e4lle der vergangenen Tage sorgen f\u00fcr hohe Pegelst\u00e4nde. Die Feuerwehren im Landkreis sind wieder im Einsatz. Ab heute sind die Feuerwehrger\u00e4teh\u00e4user in Maximiliansau und W\u00f6rth wieder bis zum Abklingen des Hochwassers besetzt. Es werden wie \u00fcblich in regelm\u00e4\u00dfigen Abst\u00e4nden Kontrollg\u00e4nge entlang des Rheins und an besonderen [&hellip;]<\/p>\n","protected":false},"author":1,"featured_media":1738,"comment_status":"closed","ping_status":"open","sticky":false,"template":"","format":"standard","meta":{"advgb_blocks_editor_width":"","advgb_blocks_columns_visual_guide":"","ngg_post_thumbnail":0,"_jetpack_memberships_contains_paid_content":false,"footnotes":""},"categories":[1],"tags":[],"class_list":["post-1737","post","type-post","status-publish","format-standard","has-post-thumbnail","hentry","category-allgemein"],"author_meta":{"display_name":"Christian","author_link":"https:\/\/feuerwehrwoerth.de\/index.php\/author\/chris\/"},"featured_img":"https:\/\/feuerwehrwoerth.de\/wp-content\/uploads\/2021\/10\/2021-07-14-hochwasser-300x164.jpg","jetpack_featured_media_url":"https:\/\/feuerwehrwoerth.de\/wp-content\/uploads\/2021\/10\/2021-07-14-hochwasser.jpg","coauthors":[],"tax_additional":{"categories":{"linked":["<a href=\"https:\/\/feuerwehrwoerth.de\/index.php\/category\/allgemein\/\" class=\"advgb-post-tax-term\">Allgemein<\/a>"],"unlinked":["<span class=\"advgb-post-tax-term\">Allgemein<\/span>"]}},"comment_count":"0","relative_dates":{"created":"Posted 5\u00a0Jahren ago","modified":"Updated 5\u00a0Jahren ago"},"absolute_dates":{"created":"Posted on 4. Juli 2021","modified":"Updated on 4. Oktober 2021"},"absolute_dates_time":{"created":"Posted on 4. Juli 2021 16:35","modified":"Updated on 4. Oktober 2021 16:35"},"featured_img_caption":"","series_order":"","jetpack_sharing_enabled":true,"_links":{"self":[{"href":"https:\/\/feuerwehrwoerth.de\/index.php\/wp-json\/wp\/v2\/posts\/1737","targetHints":{"allow":["GET"]}}],"collection":[{"href":"https:\/\/feuerwehrwoerth.de\/index.php\/wp-json\/wp\/v2\/posts"}],"about":[{"href":"https:\/\/feuerwehrwoerth.de\/index.php\/wp-json\/wp\/v2\/types\/post"}],"author":[{"embeddable":true,"href":"https:\/\/feuerwehrwoerth.de\/index.php\/wp-json\/wp\/v2\/users\/1"}],"replies":[{"embeddable":true,"href":"https:\/\/feuerwehrwoerth.de\/index.php\/wp-json\/wp\/v2\/comments?post=1737"}],"version-history":[{"count":1,"href":"https:\/\/feuerwehrwoerth.de\/index.php\/wp-json\/wp\/v2\/posts\/1737\/revisions"}],"predecessor-version":[{"id":1739,"href":"https:\/\/feuerwehrwoerth.de\/index.php\/wp-json\/wp\/v2\/posts\/1737\/revisions\/1739"}],"wp:featuredmedia":[{"embeddable":true,"href":"https:\/\/feuerwehrwoerth.de\/index.php\/wp-json\/wp\/v2\/media\/1738"}],"wp:attachment":[{"href":"https:\/\/feuerwehrwoerth.de\/index.php\/wp-json\/wp\/v2\/media?parent=1737"}],"wp:term":[{"taxonomy":"category","embeddable":true,"href":"https:\/\/feuerwehrwoerth.de\/index.php\/wp-json\/wp\/v2\/categories?post=1737"},{"taxonomy":"post_tag","embeddable":true,"href":"https:\/\/feuerwehrwoerth.de\/index.php\/wp-json\/wp\/v2\/tags?post=1737"}],"curies":[{"name":"wp","href":"https:\/\/api.w.org\/{rel}","templated":true}]}}