{"id":1741,"date":"2021-07-21T16:36:00","date_gmt":"2021-07-21T14:36:00","guid":{"rendered":"https:\/\/feuerwehrwoerth.de\/wordpress\/?p=1741"},"modified":"2021-10-04T16:50:52","modified_gmt":"2021-10-04T14:50:52","slug":"hochwasserinformation-update","status":"publish","type":"post","link":"https:\/\/feuerwehrwoerth.de\/index.php\/2021\/07\/21\/hochwasserinformation-update\/","title":{"rendered":"Hochwasserinformation: Update"},"content":{"rendered":"\n<p><strong>21.07.2021<\/strong><\/p>\n\n\n\n<p>Nachdem der Rheinpegel Maxau wieder unterhalb der Marke von 7,80m gesunken und nach aktuellen Prognosen auch weiterhin r\u00fcckl\u00e4ufig sein wird, wurde die durchgehende Dammwache nun aufgel\u00f6st. In den n\u00e4chsten Tagen werden weiterhin Kontrollfahrten entlang des Rheinhauptdeichs durchgef\u00fchrt. Eine kontinuierliche Einsatzbereitschaft im Feuerwehrger\u00e4tehaus ist hingegen nicht mehr notwendig.<\/p>\n\n\n\n<p><strong>18.07.2021<\/strong><\/p>\n\n\n\n<p>Gestern wurde mit 8,65m der Scheitelpunkt des Pegel Maxau erreicht. Anschlie\u00dfend ging er mehr als 40cm zur\u00fcck. Aktuell steigt wieder etwas. Laut Prognosen wird der neue Scheitelpunkt in der n\u00e4chsten Nacht erwartet. Dieser soll dann etwas mehr als 8,20m betragen.<\/p>\n\n\n\n<figure class=\"wp-block-gallery columns-2 is-cropped wp-block-gallery-1\"><ul class=\"blocks-gallery-grid\"><li class=\"blocks-gallery-item\"><figure><img loading=\"lazy\" decoding=\"async\" width=\"1024\" height=\"767\" src=\"https:\/\/feuerwehrwoerth.de\/wordpress\/wp-content\/uploads\/2021\/10\/org_c9539235c111d702_1626632526000-1024x767.jpg\" alt=\"\" data-id=\"1743\" data-full-url=\"https:\/\/feuerwehrwoerth.de\/wordpress\/wp-content\/uploads\/2021\/10\/org_c9539235c111d702_1626632526000-scaled.jpg\" data-link=\"https:\/\/feuerwehrwoerth.de\/wordpress\/?attachment_id=1743\" class=\"wp-image-1743\" srcset=\"https:\/\/feuerwehrwoerth.de\/wp-content\/uploads\/2021\/10\/org_c9539235c111d702_1626632526000-1024x767.jpg 1024w, https:\/\/feuerwehrwoerth.de\/wp-content\/uploads\/2021\/10\/org_c9539235c111d702_1626632526000-300x225.jpg 300w, https:\/\/feuerwehrwoerth.de\/wp-content\/uploads\/2021\/10\/org_c9539235c111d702_1626632526000-768x576.jpg 768w, https:\/\/feuerwehrwoerth.de\/wp-content\/uploads\/2021\/10\/org_c9539235c111d702_1626632526000-1536x1151.jpg 1536w, https:\/\/feuerwehrwoerth.de\/wp-content\/uploads\/2021\/10\/org_c9539235c111d702_1626632526000-2048x1535.jpg 2048w\" sizes=\"auto, (max-width: 1024px) 100vw, 1024px\" \/><\/figure><\/li><li class=\"blocks-gallery-item\"><figure><img loading=\"lazy\" decoding=\"async\" width=\"1024\" height=\"767\" src=\"https:\/\/feuerwehrwoerth.de\/wordpress\/wp-content\/uploads\/2021\/10\/org_e49eb56ec7135a15_1626636720000-1024x767.jpg\" alt=\"\" data-id=\"1744\" data-full-url=\"https:\/\/feuerwehrwoerth.de\/wordpress\/wp-content\/uploads\/2021\/10\/org_e49eb56ec7135a15_1626636720000-scaled.jpg\" data-link=\"https:\/\/feuerwehrwoerth.de\/wordpress\/?attachment_id=1744\" class=\"wp-image-1744 is-layout-flex wp-block-gallery-is-layout-flex\" srcset=\"https:\/\/feuerwehrwoerth.de\/wp-content\/uploads\/2021\/10\/org_e49eb56ec7135a15_1626636720000-1024x767.jpg 1024w, https:\/\/feuerwehrwoerth.de\/wp-content\/uploads\/2021\/10\/org_e49eb56ec7135a15_1626636720000-300x225.jpg 300w, https:\/\/feuerwehrwoerth.de\/wp-content\/uploads\/2021\/10\/org_e49eb56ec7135a15_1626636720000-768x576.jpg 768w, https:\/\/feuerwehrwoerth.de\/wp-content\/uploads\/2021\/10\/org_e49eb56ec7135a15_1626636720000-1536x1151.jpg 1536w, https:\/\/feuerwehrwoerth.de\/wp-content\/uploads\/2021\/10\/org_e49eb56ec7135a15_1626636720000-2048x1535.jpg 2048w\" sizes=\"auto, (max-width: 1024px) 100vw, 1024px\" \/><\/figure><\/li><\/ul><\/figure>\n\n\n\n<p><strong>16.07.2021<\/strong><\/p>\n\n\n\n<p>Der Pegel Maxau steigt weiter. Der H\u00f6chststand wird im Laufe des morgigen Samstags erwartet. Weiterhin sind die Feuerwehren entlang des Rheins durchg\u00e4ngig im Einsatz.<\/p>\n\n\n\n<figure class=\"wp-block-gallery columns-2 is-cropped wp-block-gallery-2\"><ul class=\"blocks-gallery-grid\"><li class=\"blocks-gallery-item\"><figure><img loading=\"lazy\" decoding=\"async\" width=\"1024\" height=\"768\" src=\"https:\/\/feuerwehrwoerth.de\/wordpress\/wp-content\/uploads\/2021\/10\/20210716_172142-1024x768.jpg\" alt=\"\" data-id=\"1745\" data-full-url=\"https:\/\/feuerwehrwoerth.de\/wordpress\/wp-content\/uploads\/2021\/10\/20210716_172142-scaled.jpg\" data-link=\"https:\/\/feuerwehrwoerth.de\/wordpress\/?attachment_id=1745\" class=\"wp-image-1745\" srcset=\"https:\/\/feuerwehrwoerth.de\/wp-content\/uploads\/2021\/10\/20210716_172142-1024x768.jpg 1024w, https:\/\/feuerwehrwoerth.de\/wp-content\/uploads\/2021\/10\/20210716_172142-300x225.jpg 300w, https:\/\/feuerwehrwoerth.de\/wp-content\/uploads\/2021\/10\/20210716_172142-768x576.jpg 768w, https:\/\/feuerwehrwoerth.de\/wp-content\/uploads\/2021\/10\/20210716_172142-1536x1152.jpg 1536w, https:\/\/feuerwehrwoerth.de\/wp-content\/uploads\/2021\/10\/20210716_172142-2048x1536.jpg 2048w\" sizes=\"auto, (max-width: 1024px) 100vw, 1024px\" \/><\/figure><\/li><li class=\"blocks-gallery-item\"><figure><img loading=\"lazy\" decoding=\"async\" width=\"1024\" height=\"768\" src=\"https:\/\/feuerwehrwoerth.de\/wordpress\/wp-content\/uploads\/2021\/10\/20210716_172157-1024x768.jpg\" alt=\"\" data-id=\"1746\" data-full-url=\"https:\/\/feuerwehrwoerth.de\/wordpress\/wp-content\/uploads\/2021\/10\/20210716_172157-scaled.jpg\" data-link=\"https:\/\/feuerwehrwoerth.de\/wordpress\/?attachment_id=1746\" class=\"wp-image-1746 is-layout-flex wp-block-gallery-is-layout-flex\" srcset=\"https:\/\/feuerwehrwoerth.de\/wp-content\/uploads\/2021\/10\/20210716_172157-1024x768.jpg 1024w, https:\/\/feuerwehrwoerth.de\/wp-content\/uploads\/2021\/10\/20210716_172157-300x225.jpg 300w, https:\/\/feuerwehrwoerth.de\/wp-content\/uploads\/2021\/10\/20210716_172157-768x576.jpg 768w, https:\/\/feuerwehrwoerth.de\/wp-content\/uploads\/2021\/10\/20210716_172157-1536x1152.jpg 1536w, https:\/\/feuerwehrwoerth.de\/wp-content\/uploads\/2021\/10\/20210716_172157-2048x1536.jpg 2048w\" sizes=\"auto, (max-width: 1024px) 100vw, 1024px\" \/><\/figure><\/li><\/ul><\/figure>\n\n\n\n<p><strong>15.07.2021<\/strong><\/p>\n\n\n\n<p>In der Nacht wurde der Polder W\u00f6rth\/Jockgrim wie erwartet zu weiten Teilen geflutet. Entlang des Rheins werden auch weiterhin regelm\u00e4\u00dfig Kontrollen an den wassernahen Bereichen durchgef\u00fchrt.<\/p>\n\n\n\n<figure class=\"wp-block-gallery columns-2 is-cropped wp-block-gallery-3\"><ul class=\"blocks-gallery-grid\"><li class=\"blocks-gallery-item\"><figure><img loading=\"lazy\" decoding=\"async\" width=\"800\" height=\"599\" src=\"https:\/\/feuerwehrwoerth.de\/wordpress\/wp-content\/uploads\/2021\/10\/org_50d6f07d204af252_1626320568000-klein.jpg\" alt=\"\" data-id=\"1747\" data-full-url=\"https:\/\/feuerwehrwoerth.de\/wordpress\/wp-content\/uploads\/2021\/10\/org_50d6f07d204af252_1626320568000-klein.jpg\" data-link=\"https:\/\/feuerwehrwoerth.de\/wordpress\/?attachment_id=1747\" class=\"wp-image-1747\" srcset=\"https:\/\/feuerwehrwoerth.de\/wp-content\/uploads\/2021\/10\/org_50d6f07d204af252_1626320568000-klein.jpg 800w, https:\/\/feuerwehrwoerth.de\/wp-content\/uploads\/2021\/10\/org_50d6f07d204af252_1626320568000-klein-300x225.jpg 300w, https:\/\/feuerwehrwoerth.de\/wp-content\/uploads\/2021\/10\/org_50d6f07d204af252_1626320568000-klein-768x575.jpg 768w\" sizes=\"auto, (max-width: 800px) 100vw, 800px\" \/><\/figure><\/li><li class=\"blocks-gallery-item\"><figure><img loading=\"lazy\" decoding=\"async\" width=\"800\" height=\"599\" src=\"https:\/\/feuerwehrwoerth.de\/wordpress\/wp-content\/uploads\/2021\/10\/org_86fe4ca9b747d5b8_1626320528000-klein.jpg\" alt=\"\" data-id=\"1748\" data-full-url=\"https:\/\/feuerwehrwoerth.de\/wordpress\/wp-content\/uploads\/2021\/10\/org_86fe4ca9b747d5b8_1626320528000-klein.jpg\" data-link=\"https:\/\/feuerwehrwoerth.de\/wordpress\/?attachment_id=1748\" class=\"wp-image-1748 is-layout-flex wp-block-gallery-is-layout-flex\" srcset=\"https:\/\/feuerwehrwoerth.de\/wp-content\/uploads\/2021\/10\/org_86fe4ca9b747d5b8_1626320528000-klein.jpg 800w, https:\/\/feuerwehrwoerth.de\/wp-content\/uploads\/2021\/10\/org_86fe4ca9b747d5b8_1626320528000-klein-300x225.jpg 300w, https:\/\/feuerwehrwoerth.de\/wp-content\/uploads\/2021\/10\/org_86fe4ca9b747d5b8_1626320528000-klein-768x575.jpg 768w\" sizes=\"auto, (max-width: 800px) 100vw, 800px\" \/><\/figure><\/li><\/ul><\/figure>\n","protected":false},"excerpt":{"rendered":"<p>21.07.2021 Nachdem der Rheinpegel Maxau wieder unterhalb der Marke von 7,80m gesunken und nach aktuellen Prognosen auch weiterhin r\u00fcckl\u00e4ufig sein wird, wurde die durchgehende Dammwache nun aufgel\u00f6st. In den n\u00e4chsten Tagen werden weiterhin Kontrollfahrten entlang des Rheinhauptdeichs durchgef\u00fchrt. Eine kontinuierliche Einsatzbereitschaft im Feuerwehrger\u00e4tehaus ist hingegen nicht mehr notwendig. 18.07.2021 Gestern wurde mit 8,65m der Scheitelpunkt [&hellip;]<\/p>\n","protected":false},"author":1,"featured_media":1742,"comment_status":"closed","ping_status":"open","sticky":false,"template":"","format":"standard","meta":{"advgb_blocks_editor_width":"","advgb_blocks_columns_visual_guide":"","ngg_post_thumbnail":0,"_jetpack_memberships_contains_paid_content":false,"footnotes":""},"categories":[1],"tags":[75],"class_list":["post-1741","post","type-post","status-publish","format-standard","has-post-thumbnail","hentry","category-allgemein","tag-hochwasser"],"author_meta":{"display_name":"Christian","author_link":"https:\/\/feuerwehrwoerth.de\/index.php\/author\/chris\/"},"featured_img":"https:\/\/feuerwehrwoerth.de\/wp-content\/uploads\/2021\/10\/2021-07-21-hochwasser-300x164.jpg","jetpack_featured_media_url":"https:\/\/feuerwehrwoerth.de\/wp-content\/uploads\/2021\/10\/2021-07-21-hochwasser.jpg","coauthors":[],"tax_additional":{"categories":{"linked":["<a href=\"https:\/\/feuerwehrwoerth.de\/index.php\/category\/allgemein\/\" class=\"advgb-post-tax-term\">Allgemein<\/a>"],"unlinked":["<span class=\"advgb-post-tax-term\">Allgemein<\/span>"]},"tags":{"linked":["<a href=\"https:\/\/feuerwehrwoerth.de\/index.php\/category\/allgemein\/\" class=\"advgb-post-tax-term\">hochwasser<\/a>"],"unlinked":["<span class=\"advgb-post-tax-term\">hochwasser<\/span>"]}},"comment_count":"0","relative_dates":{"created":"Posted 5\u00a0Jahren ago","modified":"Updated 5\u00a0Jahren ago"},"absolute_dates":{"created":"Posted on 21. Juli 2021","modified":"Updated on 4. Oktober 2021"},"absolute_dates_time":{"created":"Posted on 21. Juli 2021 16:36","modified":"Updated on 4. Oktober 2021 16:50"},"featured_img_caption":"","series_order":"","jetpack_sharing_enabled":true,"_links":{"self":[{"href":"https:\/\/feuerwehrwoerth.de\/index.php\/wp-json\/wp\/v2\/posts\/1741","targetHints":{"allow":["GET"]}}],"collection":[{"href":"https:\/\/feuerwehrwoerth.de\/index.php\/wp-json\/wp\/v2\/posts"}],"about":[{"href":"https:\/\/feuerwehrwoerth.de\/index.php\/wp-json\/wp\/v2\/types\/post"}],"author":[{"embeddable":true,"href":"https:\/\/feuerwehrwoerth.de\/index.php\/wp-json\/wp\/v2\/users\/1"}],"replies":[{"embeddable":true,"href":"https:\/\/feuerwehrwoerth.de\/index.php\/wp-json\/wp\/v2\/comments?post=1741"}],"version-history":[{"count":1,"href":"https:\/\/feuerwehrwoerth.de\/index.php\/wp-json\/wp\/v2\/posts\/1741\/revisions"}],"predecessor-version":[{"id":1750,"href":"https:\/\/feuerwehrwoerth.de\/index.php\/wp-json\/wp\/v2\/posts\/1741\/revisions\/1750"}],"wp:featuredmedia":[{"embeddable":true,"href":"https:\/\/feuerwehrwoerth.de\/index.php\/wp-json\/wp\/v2\/media\/1742"}],"wp:attachment":[{"href":"https:\/\/feuerwehrwoerth.de\/index.php\/wp-json\/wp\/v2\/media?parent=1741"}],"wp:term":[{"taxonomy":"category","embeddable":true,"href":"https:\/\/feuerwehrwoerth.de\/index.php\/wp-json\/wp\/v2\/categories?post=1741"},{"taxonomy":"post_tag","embeddable":true,"href":"https:\/\/feuerwehrwoerth.de\/index.php\/wp-json\/wp\/v2\/tags?post=1741"}],"curies":[{"name":"wp","href":"https:\/\/api.w.org\/{rel}","templated":true}]}}