{"id":1754,"date":"2021-04-15T16:51:00","date_gmt":"2021-04-15T14:51:00","guid":{"rendered":"https:\/\/feuerwehrwoerth.de\/wordpress\/?p=1754"},"modified":"2021-10-04T16:52:28","modified_gmt":"2021-10-04T14:52:28","slug":"absage-feuerwehrfest-am-1-mai","status":"publish","type":"post","link":"https:\/\/feuerwehrwoerth.de\/index.php\/2021\/04\/15\/absage-feuerwehrfest-am-1-mai\/","title":{"rendered":"Absage Feuerwehrfest am 1. Mai"},"content":{"rendered":"\n<p>Leider m\u00fcssen wir auch in diesem Jahr pandemiebedingt unser traditionelles Feuerwehrfest am 01. Mai absagen. Trotz der schwierigen Situation w\u00fcnschen wir der Bev\u00f6lkerung alles Gute und freuen uns um so mehr auf ein n\u00e4chstes Mal, wenn wir Sie wieder als unsere G\u00e4ste in unserem Feuerwehrger\u00e4tehaus in der Ahornstra\u00dfe begr\u00fc\u00dfen d\u00fcrfen.<\/p>\n\n\n\n<p>Ihre Freiwillige Feuerwehr W\u00f6rth am Rhein<\/p>\n","protected":false},"excerpt":{"rendered":"<p>Leider m\u00fcssen wir auch in diesem Jahr pandemiebedingt unser traditionelles Feuerwehrfest am 01. Mai absagen. Trotz der schwierigen Situation w\u00fcnschen wir der Bev\u00f6lkerung alles Gute und freuen uns um so mehr auf ein n\u00e4chstes Mal, wenn wir Sie wieder als unsere G\u00e4ste in unserem Feuerwehrger\u00e4tehaus in der Ahornstra\u00dfe begr\u00fc\u00dfen d\u00fcrfen. Ihre Freiwillige Feuerwehr W\u00f6rth am [&hellip;]<\/p>\n","protected":false},"author":1,"featured_media":1608,"comment_status":"closed","ping_status":"open","sticky":false,"template":"","format":"standard","meta":{"advgb_blocks_editor_width":"","advgb_blocks_columns_visual_guide":"","ngg_post_thumbnail":0,"_jetpack_memberships_contains_paid_content":false,"footnotes":""},"categories":[1],"tags":[78],"class_list":["post-1754","post","type-post","status-publish","format-standard","has-post-thumbnail","hentry","category-allgemein","tag-feuerwehrfest"],"author_meta":{"display_name":"Christian","author_link":"https:\/\/feuerwehrwoerth.de\/index.php\/author\/chris\/"},"featured_img":"https:\/\/feuerwehrwoerth.de\/wp-content\/uploads\/2021\/10\/1.-Mai-2020-Absage-300x164.png","jetpack_featured_media_url":"https:\/\/feuerwehrwoerth.de\/wp-content\/uploads\/2021\/10\/1.-Mai-2020-Absage.png","coauthors":[],"tax_additional":{"categories":{"linked":["<a href=\"https:\/\/feuerwehrwoerth.de\/index.php\/category\/allgemein\/\" class=\"advgb-post-tax-term\">Allgemein<\/a>"],"unlinked":["<span class=\"advgb-post-tax-term\">Allgemein<\/span>"]},"tags":{"linked":["<a href=\"https:\/\/feuerwehrwoerth.de\/index.php\/category\/allgemein\/\" class=\"advgb-post-tax-term\">feuerwehrfest<\/a>"],"unlinked":["<span class=\"advgb-post-tax-term\">feuerwehrfest<\/span>"]}},"comment_count":"0","relative_dates":{"created":"Posted 5\u00a0Jahren ago","modified":"Updated 5\u00a0Jahren ago"},"absolute_dates":{"created":"Posted on 15. April 2021","modified":"Updated on 4. Oktober 2021"},"absolute_dates_time":{"created":"Posted on 15. April 2021 16:51","modified":"Updated on 4. Oktober 2021 16:52"},"featured_img_caption":"","series_order":"","jetpack_sharing_enabled":true,"_links":{"self":[{"href":"https:\/\/feuerwehrwoerth.de\/index.php\/wp-json\/wp\/v2\/posts\/1754","targetHints":{"allow":["GET"]}}],"collection":[{"href":"https:\/\/feuerwehrwoerth.de\/index.php\/wp-json\/wp\/v2\/posts"}],"about":[{"href":"https:\/\/feuerwehrwoerth.de\/index.php\/wp-json\/wp\/v2\/types\/post"}],"author":[{"embeddable":true,"href":"https:\/\/feuerwehrwoerth.de\/index.php\/wp-json\/wp\/v2\/users\/1"}],"replies":[{"embeddable":true,"href":"https:\/\/feuerwehrwoerth.de\/index.php\/wp-json\/wp\/v2\/comments?post=1754"}],"version-history":[{"count":2,"href":"https:\/\/feuerwehrwoerth.de\/index.php\/wp-json\/wp\/v2\/posts\/1754\/revisions"}],"predecessor-version":[{"id":1756,"href":"https:\/\/feuerwehrwoerth.de\/index.php\/wp-json\/wp\/v2\/posts\/1754\/revisions\/1756"}],"wp:featuredmedia":[{"embeddable":true,"href":"https:\/\/feuerwehrwoerth.de\/index.php\/wp-json\/wp\/v2\/media\/1608"}],"wp:attachment":[{"href":"https:\/\/feuerwehrwoerth.de\/index.php\/wp-json\/wp\/v2\/media?parent=1754"}],"wp:term":[{"taxonomy":"category","embeddable":true,"href":"https:\/\/feuerwehrwoerth.de\/index.php\/wp-json\/wp\/v2\/categories?post=1754"},{"taxonomy":"post_tag","embeddable":true,"href":"https:\/\/feuerwehrwoerth.de\/index.php\/wp-json\/wp\/v2\/tags?post=1754"}],"curies":[{"name":"wp","href":"https:\/\/api.w.org\/{rel}","templated":true}]}}