{"id":1757,"date":"2021-01-29T16:52:00","date_gmt":"2021-01-29T15:52:00","guid":{"rendered":"https:\/\/feuerwehrwoerth.de\/wordpress\/?p=1757"},"modified":"2021-10-04T16:53:41","modified_gmt":"2021-10-04T14:53:41","slug":"hochwassereinsatz-am-rhein","status":"publish","type":"post","link":"https:\/\/feuerwehrwoerth.de\/index.php\/2021\/01\/29\/hochwassereinsatz-am-rhein\/","title":{"rendered":"Hochwassereinsatz am Rhein"},"content":{"rendered":"\n<p>In den letzten Tagen kam es vermehrt zu Niederschl\u00e4gen und einer andauernden Schneeschmelze im S\u00fcden Deutschlands. Dadurch ist mit einer Hochwasserlage in den n\u00e4chsten Tagen zu rechnen. Aus diesem Grund werden die rheinnahen Feuerwehren im Landkreis am Freitagabend Dammwachen durchf\u00fchren. Der H\u00f6chststand des Rheinpegels wird mit dem Fortschreiten des Wochenendes erwartet.<\/p>\n\n\n\n<p>Um Besch\u00e4digungen des Deichs zu vermeiden, ist das Befahren der gesamten Anlagen entlang des Rheins verboten. W\u00e4hrend eines Hochwassers k\u00f6nnen starke Str\u00f6mungen entstehen, bitte meiden Sie die Hochwassergebiete.<\/p>\n","protected":false},"excerpt":{"rendered":"<p>In den letzten Tagen kam es vermehrt zu Niederschl\u00e4gen und einer andauernden Schneeschmelze im S\u00fcden Deutschlands. Dadurch ist mit einer Hochwasserlage in den n\u00e4chsten Tagen zu rechnen. Aus diesem Grund werden die rheinnahen Feuerwehren im Landkreis am Freitagabend Dammwachen durchf\u00fchren. Der H\u00f6chststand des Rheinpegels wird mit dem Fortschreiten des Wochenendes erwartet. Um Besch\u00e4digungen des Deichs [&hellip;]<\/p>\n","protected":false},"author":1,"featured_media":1738,"comment_status":"closed","ping_status":"open","sticky":false,"template":"","format":"standard","meta":{"advgb_blocks_editor_width":"","advgb_blocks_columns_visual_guide":"","ngg_post_thumbnail":0,"_jetpack_memberships_contains_paid_content":false,"footnotes":""},"categories":[1],"tags":[75],"class_list":["post-1757","post","type-post","status-publish","format-standard","has-post-thumbnail","hentry","category-allgemein","tag-hochwasser"],"author_meta":{"display_name":"Christian","author_link":"https:\/\/feuerwehrwoerth.de\/index.php\/author\/chris\/"},"featured_img":"https:\/\/feuerwehrwoerth.de\/wp-content\/uploads\/2021\/10\/2021-07-14-hochwasser-300x164.jpg","jetpack_featured_media_url":"https:\/\/feuerwehrwoerth.de\/wp-content\/uploads\/2021\/10\/2021-07-14-hochwasser.jpg","coauthors":[],"tax_additional":{"categories":{"linked":["<a href=\"https:\/\/feuerwehrwoerth.de\/index.php\/category\/allgemein\/\" class=\"advgb-post-tax-term\">Allgemein<\/a>"],"unlinked":["<span class=\"advgb-post-tax-term\">Allgemein<\/span>"]},"tags":{"linked":["<a href=\"https:\/\/feuerwehrwoerth.de\/index.php\/category\/allgemein\/\" class=\"advgb-post-tax-term\">hochwasser<\/a>"],"unlinked":["<span class=\"advgb-post-tax-term\">hochwasser<\/span>"]}},"comment_count":"0","relative_dates":{"created":"Posted 5\u00a0Jahren ago","modified":"Updated 5\u00a0Jahren ago"},"absolute_dates":{"created":"Posted on 29. Januar 2021","modified":"Updated on 4. Oktober 2021"},"absolute_dates_time":{"created":"Posted on 29. Januar 2021 16:52","modified":"Updated on 4. Oktober 2021 16:53"},"featured_img_caption":"","series_order":"","jetpack_sharing_enabled":true,"_links":{"self":[{"href":"https:\/\/feuerwehrwoerth.de\/index.php\/wp-json\/wp\/v2\/posts\/1757","targetHints":{"allow":["GET"]}}],"collection":[{"href":"https:\/\/feuerwehrwoerth.de\/index.php\/wp-json\/wp\/v2\/posts"}],"about":[{"href":"https:\/\/feuerwehrwoerth.de\/index.php\/wp-json\/wp\/v2\/types\/post"}],"author":[{"embeddable":true,"href":"https:\/\/feuerwehrwoerth.de\/index.php\/wp-json\/wp\/v2\/users\/1"}],"replies":[{"embeddable":true,"href":"https:\/\/feuerwehrwoerth.de\/index.php\/wp-json\/wp\/v2\/comments?post=1757"}],"version-history":[{"count":2,"href":"https:\/\/feuerwehrwoerth.de\/index.php\/wp-json\/wp\/v2\/posts\/1757\/revisions"}],"predecessor-version":[{"id":1759,"href":"https:\/\/feuerwehrwoerth.de\/index.php\/wp-json\/wp\/v2\/posts\/1757\/revisions\/1759"}],"wp:featuredmedia":[{"embeddable":true,"href":"https:\/\/feuerwehrwoerth.de\/index.php\/wp-json\/wp\/v2\/media\/1738"}],"wp:attachment":[{"href":"https:\/\/feuerwehrwoerth.de\/index.php\/wp-json\/wp\/v2\/media?parent=1757"}],"wp:term":[{"taxonomy":"category","embeddable":true,"href":"https:\/\/feuerwehrwoerth.de\/index.php\/wp-json\/wp\/v2\/categories?post=1757"},{"taxonomy":"post_tag","embeddable":true,"href":"https:\/\/feuerwehrwoerth.de\/index.php\/wp-json\/wp\/v2\/tags?post=1757"}],"curies":[{"name":"wp","href":"https:\/\/api.w.org\/{rel}","templated":true}]}}