{"id":1760,"date":"2021-01-17T21:53:00","date_gmt":"2021-01-17T20:53:00","guid":{"rendered":"https:\/\/feuerwehrwoerth.de\/wordpress\/?p=1760"},"modified":"2021-10-04T17:54:12","modified_gmt":"2021-10-04T15:54:12","slug":"wahl-des-wehrfuehrers","status":"publish","type":"post","link":"https:\/\/feuerwehrwoerth.de\/index.php\/2021\/01\/17\/wahl-des-wehrfuehrers\/","title":{"rendered":"Wahl des Wehrf\u00fchrers"},"content":{"rendered":"\n<p>Heute fand die Wahl des Wehrf\u00fchrers unserer Feuerwehrteileinheit statt. Aufgrund der aktuellen Hygienebedingungen wurde diese in der Festhalle W\u00f6rth durchgef\u00fchrt, da dort f\u00fcr ausreichend Abstand zwischen allen Beteiligten gesorgt werden konnte. Die Wahl wurde von Torsten Schmuck, dem Vertreter der Stadtverwaltung, sowie Dr. Thomas Kr\u00e4mer, dem Beigeordneten der Stadt W\u00f6rth, und Rainer B\u00f6ser, unserem stellvertretenden Wehrleiter, durchgef\u00fchrt. In der Wahl konnte unser Kamerad Alexander Mieger die Stimmen aller anwesenden Wahlberechtigten hinter sich vereinen. Er nahm die Wahl an und wurde anschlie\u00dfend in das Amt eingef\u00fchrt.<\/p>\n\n\n\n<p>Wir danken Werner W\u00f6schler f\u00fcr seine Arbeit als Wehrf\u00fchrer der vergangenen Jahre und w\u00fcnschen seinem Nachfolger Alexander Mieger viel Erfolg und Spa\u00df bei den kommenden Aufgaben.<\/p>\n\n\n\n<figure class=\"wp-block-gallery columns-2 is-cropped wp-block-gallery-1\"><ul class=\"blocks-gallery-grid\"><li class=\"blocks-gallery-item\"><figure><img loading=\"lazy\" decoding=\"async\" width=\"800\" height=\"600\" src=\"https:\/\/feuerwehrwoerth.de\/wp-content\/uploads\/2021\/10\/2021-01-17-wfwahl1.jpg\" alt=\"\" data-id=\"1761\" data-full-url=\"https:\/\/feuerwehrwoerth.de\/wp-content\/uploads\/2021\/10\/2021-01-17-wfwahl1.jpg\" data-link=\"https:\/\/feuerwehrwoerth.de\/index.php\/2021\/01\/17\/wahl-des-wehrfuehrers\/2021-01-17-wfwahl1\/\" class=\"wp-image-1761\" srcset=\"https:\/\/feuerwehrwoerth.de\/wp-content\/uploads\/2021\/10\/2021-01-17-wfwahl1.jpg 800w, https:\/\/feuerwehrwoerth.de\/wp-content\/uploads\/2021\/10\/2021-01-17-wfwahl1-300x225.jpg 300w, https:\/\/feuerwehrwoerth.de\/wp-content\/uploads\/2021\/10\/2021-01-17-wfwahl1-768x576.jpg 768w\" sizes=\"auto, (max-width: 800px) 100vw, 800px\" \/><figcaption class=\"blocks-gallery-item__caption is-layout-flex wp-block-gallery-is-layout-flex\">v.l.n.r.: Dr. Thomas Kr\u00e4mer, Alexander Mieger, Rainer B\u00f6ser.<\/figcaption><\/figure><\/li><li class=\"blocks-gallery-item\"><figure><img loading=\"lazy\" decoding=\"async\" width=\"800\" height=\"600\" src=\"https:\/\/feuerwehrwoerth.de\/wp-content\/uploads\/2021\/10\/2021-01-17-wfwahl2.jpg\" alt=\"\" data-id=\"1762\" data-full-url=\"https:\/\/feuerwehrwoerth.de\/wp-content\/uploads\/2021\/10\/2021-01-17-wfwahl2.jpg\" data-link=\"https:\/\/feuerwehrwoerth.de\/index.php\/2021\/01\/17\/wahl-des-wehrfuehrers\/2021-01-17-wfwahl2\/\" class=\"wp-image-1762\" srcset=\"https:\/\/feuerwehrwoerth.de\/wp-content\/uploads\/2021\/10\/2021-01-17-wfwahl2.jpg 800w, https:\/\/feuerwehrwoerth.de\/wp-content\/uploads\/2021\/10\/2021-01-17-wfwahl2-300x225.jpg 300w, https:\/\/feuerwehrwoerth.de\/wp-content\/uploads\/2021\/10\/2021-01-17-wfwahl2-768x576.jpg 768w\" sizes=\"auto, (max-width: 800px) 100vw, 800px\" \/><figcaption class=\"blocks-gallery-item__caption\">Auch w\u00e4hrend der Wahl war die Einsatzbereitschaft sichergestellt.<\/figcaption><\/figure><\/li><\/ul><\/figure>\n","protected":false},"excerpt":{"rendered":"<p>Heute fand die Wahl des Wehrf\u00fchrers unserer Feuerwehrteileinheit statt. Aufgrund der aktuellen Hygienebedingungen wurde diese in der Festhalle W\u00f6rth durchgef\u00fchrt, da dort f\u00fcr ausreichend Abstand zwischen allen Beteiligten gesorgt werden konnte. Die Wahl wurde von Torsten Schmuck, dem Vertreter der Stadtverwaltung, sowie Dr. Thomas Kr\u00e4mer, dem Beigeordneten der Stadt W\u00f6rth, und Rainer B\u00f6ser, unserem stellvertretenden [&hellip;]<\/p>\n","protected":false},"author":1,"featured_media":1763,"comment_status":"closed","ping_status":"open","sticky":false,"template":"","format":"standard","meta":{"advgb_blocks_editor_width":"","advgb_blocks_columns_visual_guide":"","ngg_post_thumbnail":0,"_jetpack_memberships_contains_paid_content":false,"footnotes":""},"categories":[1],"tags":[79,80],"class_list":["post-1760","post","type-post","status-publish","format-standard","has-post-thumbnail","hentry","category-allgemein","tag-wahlen","tag-wehrfuehrer"],"author_meta":{"display_name":"Christian","author_link":"https:\/\/feuerwehrwoerth.de\/index.php\/author\/chris\/"},"featured_img":"https:\/\/feuerwehrwoerth.de\/wp-content\/uploads\/2021\/10\/2021-01-17-wfwahl1-1-300x164.jpg","jetpack_featured_media_url":"https:\/\/feuerwehrwoerth.de\/wp-content\/uploads\/2021\/10\/2021-01-17-wfwahl1-1.jpg","coauthors":[],"tax_additional":{"categories":{"linked":["<a href=\"https:\/\/feuerwehrwoerth.de\/index.php\/category\/allgemein\/\" class=\"advgb-post-tax-term\">Allgemein<\/a>"],"unlinked":["<span class=\"advgb-post-tax-term\">Allgemein<\/span>"]},"tags":{"linked":["<a href=\"https:\/\/feuerwehrwoerth.de\/index.php\/category\/allgemein\/\" class=\"advgb-post-tax-term\">wahlen<\/a>","<a href=\"https:\/\/feuerwehrwoerth.de\/index.php\/category\/allgemein\/\" class=\"advgb-post-tax-term\">wehrf\u00fchrer<\/a>"],"unlinked":["<span class=\"advgb-post-tax-term\">wahlen<\/span>","<span class=\"advgb-post-tax-term\">wehrf\u00fchrer<\/span>"]}},"comment_count":"0","relative_dates":{"created":"Posted 5\u00a0Jahren ago","modified":"Updated 5\u00a0Jahren ago"},"absolute_dates":{"created":"Posted on 17. Januar 2021","modified":"Updated on 4. Oktober 2021"},"absolute_dates_time":{"created":"Posted on 17. Januar 2021 21:53","modified":"Updated on 4. Oktober 2021 17:54"},"featured_img_caption":"","series_order":"","jetpack_sharing_enabled":true,"_links":{"self":[{"href":"https:\/\/feuerwehrwoerth.de\/index.php\/wp-json\/wp\/v2\/posts\/1760","targetHints":{"allow":["GET"]}}],"collection":[{"href":"https:\/\/feuerwehrwoerth.de\/index.php\/wp-json\/wp\/v2\/posts"}],"about":[{"href":"https:\/\/feuerwehrwoerth.de\/index.php\/wp-json\/wp\/v2\/types\/post"}],"author":[{"embeddable":true,"href":"https:\/\/feuerwehrwoerth.de\/index.php\/wp-json\/wp\/v2\/users\/1"}],"replies":[{"embeddable":true,"href":"https:\/\/feuerwehrwoerth.de\/index.php\/wp-json\/wp\/v2\/comments?post=1760"}],"version-history":[{"count":4,"href":"https:\/\/feuerwehrwoerth.de\/index.php\/wp-json\/wp\/v2\/posts\/1760\/revisions"}],"predecessor-version":[{"id":1788,"href":"https:\/\/feuerwehrwoerth.de\/index.php\/wp-json\/wp\/v2\/posts\/1760\/revisions\/1788"}],"wp:featuredmedia":[{"embeddable":true,"href":"https:\/\/feuerwehrwoerth.de\/index.php\/wp-json\/wp\/v2\/media\/1763"}],"wp:attachment":[{"href":"https:\/\/feuerwehrwoerth.de\/index.php\/wp-json\/wp\/v2\/media?parent=1760"}],"wp:term":[{"taxonomy":"category","embeddable":true,"href":"https:\/\/feuerwehrwoerth.de\/index.php\/wp-json\/wp\/v2\/categories?post=1760"},{"taxonomy":"post_tag","embeddable":true,"href":"https:\/\/feuerwehrwoerth.de\/index.php\/wp-json\/wp\/v2\/tags?post=1760"}],"curies":[{"name":"wp","href":"https:\/\/api.w.org\/{rel}","templated":true}]}}