{"id":4027,"date":"2022-09-18T18:05:53","date_gmt":"2022-09-18T16:05:53","guid":{"rendered":"https:\/\/feuerwehrwoerth.de\/?p=4027"},"modified":"2022-09-18T18:05:56","modified_gmt":"2022-09-18T16:05:56","slug":"lehrgang-truppmann-teil-1","status":"publish","type":"post","link":"https:\/\/feuerwehrwoerth.de\/index.php\/2022\/09\/18\/lehrgang-truppmann-teil-1\/","title":{"rendered":"Lehrgang &#8222;Truppmann Teil 1&#8220;"},"content":{"rendered":"\n<p>An den letzten beiden Wochenenden nahmen die Kameraden Denis Meiswinkel und Samuel Becker aus der Einsatzabteilung am Truppmann-Lehrgang in Jockgrim teil. Neben der theoretischen Ausbildung wurde im Lehrgang ebenfalls der praktische Umgang mit feuerwehrtypischen Ger\u00e4ten gelehrt. Dieser Lehrgang ist Bestandteil der Grundausbildung eines Feuerwehrangeh\u00f6rigen und wird zu Beginn der Laufbahn durchlaufen.<\/p>\n\n\n\n<p>An den beiden Lehrgangswochenenden wurden unter anderem die Rechtsgrundlagen, die jeder Feuerwehrmann kennen und beachten muss, behandelt. Zudem wurden die Grundlagen eines Feuers und des L\u00f6schens erarbeitet. Weiterhin waren Ger\u00e4te- und Fahrzeugkunde ein wichtiger Bestandteil. In der Praxis wurde der L\u00f6scheinsatz an unterschiedlichen Fahrzeugen und \u00d6rtlichkeiten ge\u00fcbt. Weitere Lehrgangsinhalte waren unter anderem das Verhalten bei Gefahr, die Technische Hilfeleistung (TH) sowie das Leisten von lebensrettenden Sofortma\u00dfnahmen. Zum Abschluss wurde am letzten Tag ein schriftlicher Leistungsnachweis abgelegt, den alle Teilnehmer mit Erfolg absolvierten.<\/p>\n\n\n\n<p>Wir gratulieren den Kameraden zur erfolgreichen Teilnahme an diesem Lehrgang. Unser Dank gilt auch besonders den Kreisausbildern, ohne deren Engagement eine Aus\u00fcbung dieses Ehrenamts nicht m\u00f6glich w\u00e4re.<\/p>\n\n\n\n<figure class=\"wp-block-image size-large\"><img loading=\"lazy\" decoding=\"async\" width=\"1024\" height=\"768\" src=\"https:\/\/feuerwehrwoerth.de\/wp-content\/uploads\/2022\/09\/C10F2DC4-96D0-4BBE-8401-5F87828CD6BD-1024x768.jpeg\" alt=\"\" class=\"wp-image-4030\" srcset=\"https:\/\/feuerwehrwoerth.de\/wp-content\/uploads\/2022\/09\/C10F2DC4-96D0-4BBE-8401-5F87828CD6BD-1024x768.jpeg 1024w, https:\/\/feuerwehrwoerth.de\/wp-content\/uploads\/2022\/09\/C10F2DC4-96D0-4BBE-8401-5F87828CD6BD-300x225.jpeg 300w, https:\/\/feuerwehrwoerth.de\/wp-content\/uploads\/2022\/09\/C10F2DC4-96D0-4BBE-8401-5F87828CD6BD-768x576.jpeg 768w, https:\/\/feuerwehrwoerth.de\/wp-content\/uploads\/2022\/09\/C10F2DC4-96D0-4BBE-8401-5F87828CD6BD-1536x1152.jpeg 1536w, https:\/\/feuerwehrwoerth.de\/wp-content\/uploads\/2022\/09\/C10F2DC4-96D0-4BBE-8401-5F87828CD6BD-500x375.jpeg 500w, https:\/\/feuerwehrwoerth.de\/wp-content\/uploads\/2022\/09\/C10F2DC4-96D0-4BBE-8401-5F87828CD6BD-800x600.jpeg 800w, https:\/\/feuerwehrwoerth.de\/wp-content\/uploads\/2022\/09\/C10F2DC4-96D0-4BBE-8401-5F87828CD6BD-1280x960.jpeg 1280w, https:\/\/feuerwehrwoerth.de\/wp-content\/uploads\/2022\/09\/C10F2DC4-96D0-4BBE-8401-5F87828CD6BD-1920x1440.jpeg 1920w, https:\/\/feuerwehrwoerth.de\/wp-content\/uploads\/2022\/09\/C10F2DC4-96D0-4BBE-8401-5F87828CD6BD.jpeg 2000w\" sizes=\"auto, (max-width: 1024px) 100vw, 1024px\" \/><figcaption>Samuel Becker, Denis Meiswinkel<\/figcaption><\/figure>\n","protected":false},"excerpt":{"rendered":"<p>An den letzten beiden Wochenenden nahmen die Kameraden Denis Meiswinkel und Samuel Becker aus der Einsatzabteilung am Truppmann-Lehrgang in Jockgrim teil. Neben der theoretischen Ausbildung wurde im Lehrgang ebenfalls der praktische Umgang mit feuerwehrtypischen Ger\u00e4ten gelehrt. Dieser Lehrgang ist Bestandteil der Grundausbildung eines Feuerwehrangeh\u00f6rigen und wird zu Beginn der Laufbahn durchlaufen. An den beiden Lehrgangswochenenden [&hellip;]<\/p>\n","protected":false},"author":1,"featured_media":4031,"comment_status":"closed","ping_status":"open","sticky":false,"template":"","format":"standard","meta":{"advgb_blocks_editor_width":"","advgb_blocks_columns_visual_guide":"","ngg_post_thumbnail":0,"_jetpack_memberships_contains_paid_content":false,"footnotes":""},"categories":[39],"tags":[105,116,117],"class_list":["post-4027","post","type-post","status-publish","format-standard","has-post-thumbnail","hentry","category-ausbildung","tag-ausbildung","tag-truppmann","tag-fwdv3"],"author_meta":{"display_name":"Christian","author_link":"https:\/\/feuerwehrwoerth.de\/index.php\/author\/chris\/"},"featured_img":"https:\/\/feuerwehrwoerth.de\/wp-content\/uploads\/2022\/09\/1DC4A413-8CC5-49FE-AC43-F37775A6A5ED-300x164.jpeg","jetpack_featured_media_url":"https:\/\/feuerwehrwoerth.de\/wp-content\/uploads\/2022\/09\/1DC4A413-8CC5-49FE-AC43-F37775A6A5ED.jpeg","coauthors":[],"tax_additional":{"categories":{"linked":["<a href=\"https:\/\/feuerwehrwoerth.de\/index.php\/category\/ausbildung\/\" class=\"advgb-post-tax-term\">Ausbildung<\/a>"],"unlinked":["<span class=\"advgb-post-tax-term\">Ausbildung<\/span>"]},"tags":{"linked":["<a href=\"https:\/\/feuerwehrwoerth.de\/index.php\/category\/ausbildung\/\" class=\"advgb-post-tax-term\">ausbildung<\/a>","<a href=\"https:\/\/feuerwehrwoerth.de\/index.php\/category\/ausbildung\/\" class=\"advgb-post-tax-term\">truppmann<\/a>","<a href=\"https:\/\/feuerwehrwoerth.de\/index.php\/category\/ausbildung\/\" class=\"advgb-post-tax-term\">fwdv3<\/a>"],"unlinked":["<span class=\"advgb-post-tax-term\">ausbildung<\/span>","<span class=\"advgb-post-tax-term\">truppmann<\/span>","<span class=\"advgb-post-tax-term\">fwdv3<\/span>"]}},"comment_count":"0","relative_dates":{"created":"Posted 4\u00a0Jahren ago","modified":"Updated 4\u00a0Jahren ago"},"absolute_dates":{"created":"Posted on 18. September 2022","modified":"Updated on 18. September 2022"},"absolute_dates_time":{"created":"Posted on 18. September 2022 18:05","modified":"Updated on 18. September 2022 18:05"},"featured_img_caption":"","series_order":"","jetpack_sharing_enabled":true,"_links":{"self":[{"href":"https:\/\/feuerwehrwoerth.de\/index.php\/wp-json\/wp\/v2\/posts\/4027","targetHints":{"allow":["GET"]}}],"collection":[{"href":"https:\/\/feuerwehrwoerth.de\/index.php\/wp-json\/wp\/v2\/posts"}],"about":[{"href":"https:\/\/feuerwehrwoerth.de\/index.php\/wp-json\/wp\/v2\/types\/post"}],"author":[{"embeddable":true,"href":"https:\/\/feuerwehrwoerth.de\/index.php\/wp-json\/wp\/v2\/users\/1"}],"replies":[{"embeddable":true,"href":"https:\/\/feuerwehrwoerth.de\/index.php\/wp-json\/wp\/v2\/comments?post=4027"}],"version-history":[{"count":3,"href":"https:\/\/feuerwehrwoerth.de\/index.php\/wp-json\/wp\/v2\/posts\/4027\/revisions"}],"predecessor-version":[{"id":4034,"href":"https:\/\/feuerwehrwoerth.de\/index.php\/wp-json\/wp\/v2\/posts\/4027\/revisions\/4034"}],"wp:featuredmedia":[{"embeddable":true,"href":"https:\/\/feuerwehrwoerth.de\/index.php\/wp-json\/wp\/v2\/media\/4031"}],"wp:attachment":[{"href":"https:\/\/feuerwehrwoerth.de\/index.php\/wp-json\/wp\/v2\/media?parent=4027"}],"wp:term":[{"taxonomy":"category","embeddable":true,"href":"https:\/\/feuerwehrwoerth.de\/index.php\/wp-json\/wp\/v2\/categories?post=4027"},{"taxonomy":"post_tag","embeddable":true,"href":"https:\/\/feuerwehrwoerth.de\/index.php\/wp-json\/wp\/v2\/tags?post=4027"}],"curies":[{"name":"wp","href":"https:\/\/api.w.org\/{rel}","templated":true}]}}