{"id":446,"date":"2020-08-14T01:21:00","date_gmt":"2020-08-13T23:21:00","guid":{"rendered":"https:\/\/feuerwehrwoerth.de\/wordpress\/?p=446"},"modified":"2021-10-04T17:58:37","modified_gmt":"2021-10-04T15:58:37","slug":"wiederaufnahme-des-uebungsbetriebs","status":"publish","type":"post","link":"https:\/\/feuerwehrwoerth.de\/index.php\/2020\/08\/14\/wiederaufnahme-des-uebungsbetriebs\/","title":{"rendered":"Wiederaufnahme des \u00dcbungsbetriebs"},"content":{"rendered":"\n<p class=\"has-text-align-justify\">Nachdem auch wir Mitte M\u00e4rz den \u00dcbungsbetrieb aufgrund der sogenannten Corona-Pandemie komplett einstellen mussten, ist es uns seit ein paar Wochen nun wieder m\u00f6glich, unseren Ausbildungen in der Wehr nachzukommen. Dabei gelten auch f\u00fcr uns die bekannten Abstands- und Hygienema\u00dfnahmen, um die \u00dcbungsteilnehmer zu sch\u00fctzen. Doch auch in der \u00fcbungsfreien Zeit waren wir nicht unt\u00e4tig. Neben dem fortlaufenden Einsatzbetrieb kam es zum ersten Mal in der Geschichte unserer Feuerwehr zu Online-Meetings, um die Ausbildung nicht komplett ausfallen zu lassen.<\/p>\n\n\n\n<div class=\"wp-block-image\"><figure class=\"aligncenter size-large\"><img decoding=\"async\" src=\"https:\/\/feuerwehrwoerth.de\/wp-content\/uploads\/2020\/08\/IMG_0821-1024x768.jpg\" alt=\"\"\/><figcaption>Eins\u00e4tze wie der Gro\u00dfbrand in Schaidt am 12.08.20<br>geh\u00f6ren auch in der aktuellen Zeit zu unserem Feuerwehralltag<\/figcaption><\/figure><\/div>\n\n\n\n<p class=\"has-text-align-justify\">Da Mitte Mai noch kein Ende der \u00dcbungsunterbrechung abzusehen war, wurde am Mittwoch, den 6. Mai 2020, zur ersten Online-\u00dcbung eingeladen. Dabei wurden in einer Videokonferenz grundlegende Themen besprochen, welche im Rahmen einer theoretischen Ausbildung m\u00f6glich sind. Dieses Konzept wurde daraufhin bis zum Monatsende beibehalten ehe es im Juni wieder m\u00f6glich war unter den gewohnten Auflagen wieder praktische \u00dcbungen durchzuf\u00fchren. Nach einer kurzen Eingew\u00f6hnungsphase konnten wir so nach und nach mit kleinen \u00dcbungsgruppen wieder an Fahrt aufnehmen. Anfang Juli war es dann m\u00f6glich die Einsatzfahrzeuge im Ernstfall wieder vollbesetzt ausfahren zu lassen. Zuvor wurde auch hier nur mit stark reduziertem Personaleinsatz gearbeitet. Ab August k\u00f6nnen nun auch wieder die Ausbildungen der Facheinheiten der Stadt W\u00f6rth stattfinden. Somit steht den \u00dcbungseinheiten der Kr\u00e4fte f\u00fcr die Feuerwehreinsatzzentrale, Absturzsicherung, Wassergefahren etc. nichts mehr im Wege.<\/p>\n\n\n\n<p class=\"has-text-align-justify\">Wir haben die letzten Wochen ausf\u00fchrlich genutzt, um die wichtigsten Ausbildungsthemen intensiv zu \u00fcben. Dabei sind ein paar Bilder entstanden, welche wir Ihnen in folgendem Video pr\u00e4sentieren. Darin ist zu sehen, dass der Fokus im Bereich der Brandbek\u00e4mpfung zurzeit bei den Grundtaktiken und L\u00f6schmethoden liegt. Mit Hilfe von PKW-Wracks konnte dar\u00fcber hinaus in Hilfeleistungsausbildungen die schonende Rettung von Menschen aus verunfallten Fahrzeugen geprobt werden. Ein wichtiger Punkt ist dabei der Einsatz des schweren hydraulischen Rettungsger\u00e4ts.<\/p>\n","protected":false},"excerpt":{"rendered":"<p>Nachdem auch wir Mitte M\u00e4rz den \u00dcbungsbetrieb aufgrund der sogenannten Corona-Pandemie komplett einstellen mussten, ist es uns seit ein paar Wochen nun wieder m\u00f6glich, unseren Ausbildungen in der Wehr nachzukommen. Dabei gelten auch f\u00fcr uns die bekannten Abstands- und Hygienema\u00dfnahmen, um die \u00dcbungsteilnehmer zu sch\u00fctzen. Doch auch in der \u00fcbungsfreien Zeit waren wir nicht unt\u00e4tig. [&hellip;]<\/p>\n","protected":false},"author":1,"featured_media":1615,"comment_status":"closed","ping_status":"open","sticky":false,"template":"","format":"standard","meta":{"advgb_blocks_editor_width":"","advgb_blocks_columns_visual_guide":"","ngg_post_thumbnail":0,"_jetpack_memberships_contains_paid_content":false,"footnotes":""},"categories":[41],"tags":[],"class_list":["post-446","post","type-post","status-publish","format-standard","has-post-thumbnail","hentry","category-uebung"],"author_meta":{"display_name":"Christian","author_link":"https:\/\/feuerwehrwoerth.de\/index.php\/author\/chris\/"},"featured_img":"https:\/\/feuerwehrwoerth.de\/wp-content\/uploads\/2021\/10\/wiederaufnahme-uebungsbetrieb-300x164.jpeg","jetpack_featured_media_url":"https:\/\/feuerwehrwoerth.de\/wp-content\/uploads\/2021\/10\/wiederaufnahme-uebungsbetrieb.jpeg","coauthors":[],"tax_additional":{"categories":{"linked":["<a href=\"https:\/\/feuerwehrwoerth.de\/index.php\/category\/uebung\/\" class=\"advgb-post-tax-term\">\u00dcbung<\/a>"],"unlinked":["<span class=\"advgb-post-tax-term\">\u00dcbung<\/span>"]}},"comment_count":"0","relative_dates":{"created":"Posted 6\u00a0Jahren ago","modified":"Updated 5\u00a0Jahren ago"},"absolute_dates":{"created":"Posted on 14. August 2020","modified":"Updated on 4. Oktober 2021"},"absolute_dates_time":{"created":"Posted on 14. August 2020 1:21","modified":"Updated on 4. Oktober 2021 17:58"},"featured_img_caption":"","series_order":"","jetpack_sharing_enabled":true,"_links":{"self":[{"href":"https:\/\/feuerwehrwoerth.de\/index.php\/wp-json\/wp\/v2\/posts\/446","targetHints":{"allow":["GET"]}}],"collection":[{"href":"https:\/\/feuerwehrwoerth.de\/index.php\/wp-json\/wp\/v2\/posts"}],"about":[{"href":"https:\/\/feuerwehrwoerth.de\/index.php\/wp-json\/wp\/v2\/types\/post"}],"author":[{"embeddable":true,"href":"https:\/\/feuerwehrwoerth.de\/index.php\/wp-json\/wp\/v2\/users\/1"}],"replies":[{"embeddable":true,"href":"https:\/\/feuerwehrwoerth.de\/index.php\/wp-json\/wp\/v2\/comments?post=446"}],"version-history":[{"count":7,"href":"https:\/\/feuerwehrwoerth.de\/index.php\/wp-json\/wp\/v2\/posts\/446\/revisions"}],"predecessor-version":[{"id":1792,"href":"https:\/\/feuerwehrwoerth.de\/index.php\/wp-json\/wp\/v2\/posts\/446\/revisions\/1792"}],"wp:featuredmedia":[{"embeddable":true,"href":"https:\/\/feuerwehrwoerth.de\/index.php\/wp-json\/wp\/v2\/media\/1615"}],"wp:attachment":[{"href":"https:\/\/feuerwehrwoerth.de\/index.php\/wp-json\/wp\/v2\/media?parent=446"}],"wp:term":[{"taxonomy":"category","embeddable":true,"href":"https:\/\/feuerwehrwoerth.de\/index.php\/wp-json\/wp\/v2\/categories?post=446"},{"taxonomy":"post_tag","embeddable":true,"href":"https:\/\/feuerwehrwoerth.de\/index.php\/wp-json\/wp\/v2\/tags?post=446"}],"curies":[{"name":"wp","href":"https:\/\/api.w.org\/{rel}","templated":true}]}}