{"id":4536,"date":"2023-02-15T12:10:10","date_gmt":"2023-02-15T11:10:10","guid":{"rendered":"https:\/\/feuerwehrwoerth.de\/?p=4536"},"modified":"2023-02-15T12:10:13","modified_gmt":"2023-02-15T11:10:13","slug":"richtiges-parken-hilft-der-feuerwehr","status":"publish","type":"post","link":"https:\/\/feuerwehrwoerth.de\/index.php\/2023\/02\/15\/richtiges-parken-hilft-der-feuerwehr\/","title":{"rendered":"Richtiges Parken hilft der Feuerwehr"},"content":{"rendered":"\n<p>Wer kennt es nicht? Man kommt zu Hause an und m\u00f6chte nur noch sein Auto parken. Doch weil andere ihr Kraftfahrzeug falsch geparkt haben, muss man sich durch enge L\u00fccken quetschen und ist eine gef\u00fchlte Ewigkeit auf der Suche nach einem freien Stellplatz f\u00fcr das eigene Auto.<\/p>\n\n\n\n<p>Was f\u00fcr euch nur \u00e4rgerlich ist, verhindert aber im Notfall, dass Feuerwehr- und Rettungsfahrzeuge z\u00fcgig zum Einsatzort gelangen k\u00f6nnen. Wenn wir im Einsatz sind, z\u00e4hlt oft jede Sekunde. Durch falsch parkende Autos gehen oft wertvolle Minuten verloren, weil Einsatzfahrzeuge behindert werden.<\/p>\n\n\n\n<p>Unsere Fahrzeuge sind h\u00f6her &#8211; aber vor allem breiter und l\u00e4nger als PKW. Deshalb sind wir auf korrekt abgestellte PKW angewiesen, damit wir um enge Kurven kommen oder bei versetzt parkenden Autos genug Platz zum Befahren der Stra\u00dfen haben.<\/p>\n\n\n\n<p>Daher sind wir auf eure Mithilfe beim Parken angewiesen. Bitte hilft uns durch richtig abgestellte Fahrzeuge, sodass wir z\u00fcgig an die Einsatzstelle kommen k\u00f6nnen.<\/p>\n\n\n\n<p>Anbei einige Fallbeispiele in bildlicher Form. (Klicken zum vergr\u00f6\u00dfern)<\/p>\n\n\n\nngg_shortcode_0_placeholder\n","protected":false},"excerpt":{"rendered":"<p>Wer kennt es nicht? Man kommt zu Hause an und m\u00f6chte nur noch sein Auto parken. Doch weil andere ihr Kraftfahrzeug falsch geparkt haben, muss man sich durch enge L\u00fccken quetschen und ist eine gef\u00fchlte Ewigkeit auf der Suche nach einem freien Stellplatz f\u00fcr das eigene Auto. Was f\u00fcr euch nur \u00e4rgerlich ist, verhindert aber [&hellip;]<\/p>\n","protected":false},"author":1,"featured_media":4188,"comment_status":"closed","ping_status":"open","sticky":false,"template":"","format":"standard","meta":{"advgb_blocks_editor_width":"","advgb_blocks_columns_visual_guide":"","ngg_post_thumbnail":0,"_jetpack_memberships_contains_paid_content":false,"footnotes":""},"categories":[1],"tags":[129,130,131],"class_list":["post-4536","post","type-post","status-publish","format-standard","has-post-thumbnail","hentry","category-allgemein","tag-parken","tag-falschparker","tag-stvo"],"author_meta":{"display_name":"Christian","author_link":"https:\/\/feuerwehrwoerth.de\/index.php\/author\/chris\/"},"featured_img":"https:\/\/feuerwehrwoerth.de\/wp-content\/uploads\/2022\/10\/20160816_184358_klein-300x164.jpg","jetpack_featured_media_url":"https:\/\/feuerwehrwoerth.de\/wp-content\/uploads\/2022\/10\/20160816_184358_klein.jpg","coauthors":[],"tax_additional":{"categories":{"linked":["<a href=\"https:\/\/feuerwehrwoerth.de\/index.php\/category\/allgemein\/\" class=\"advgb-post-tax-term\">Allgemein<\/a>"],"unlinked":["<span class=\"advgb-post-tax-term\">Allgemein<\/span>"]},"tags":{"linked":["<a href=\"https:\/\/feuerwehrwoerth.de\/index.php\/category\/allgemein\/\" class=\"advgb-post-tax-term\">parken<\/a>","<a href=\"https:\/\/feuerwehrwoerth.de\/index.php\/category\/allgemein\/\" class=\"advgb-post-tax-term\">falschparker<\/a>","<a href=\"https:\/\/feuerwehrwoerth.de\/index.php\/category\/allgemein\/\" class=\"advgb-post-tax-term\">stvo<\/a>"],"unlinked":["<span class=\"advgb-post-tax-term\">parken<\/span>","<span class=\"advgb-post-tax-term\">falschparker<\/span>","<span class=\"advgb-post-tax-term\">stvo<\/span>"]}},"comment_count":"0","relative_dates":{"created":"Posted 3\u00a0Jahren ago","modified":"Updated 3\u00a0Jahren ago"},"absolute_dates":{"created":"Posted on 15. Februar 2023","modified":"Updated on 15. Februar 2023"},"absolute_dates_time":{"created":"Posted on 15. Februar 2023 12:10","modified":"Updated on 15. Februar 2023 12:10"},"featured_img_caption":"","series_order":"","jetpack_sharing_enabled":true,"_links":{"self":[{"href":"https:\/\/feuerwehrwoerth.de\/index.php\/wp-json\/wp\/v2\/posts\/4536","targetHints":{"allow":["GET"]}}],"collection":[{"href":"https:\/\/feuerwehrwoerth.de\/index.php\/wp-json\/wp\/v2\/posts"}],"about":[{"href":"https:\/\/feuerwehrwoerth.de\/index.php\/wp-json\/wp\/v2\/types\/post"}],"author":[{"embeddable":true,"href":"https:\/\/feuerwehrwoerth.de\/index.php\/wp-json\/wp\/v2\/users\/1"}],"replies":[{"embeddable":true,"href":"https:\/\/feuerwehrwoerth.de\/index.php\/wp-json\/wp\/v2\/comments?post=4536"}],"version-history":[{"count":7,"href":"https:\/\/feuerwehrwoerth.de\/index.php\/wp-json\/wp\/v2\/posts\/4536\/revisions"}],"predecessor-version":[{"id":4557,"href":"https:\/\/feuerwehrwoerth.de\/index.php\/wp-json\/wp\/v2\/posts\/4536\/revisions\/4557"}],"wp:featuredmedia":[{"embeddable":true,"href":"https:\/\/feuerwehrwoerth.de\/index.php\/wp-json\/wp\/v2\/media\/4188"}],"wp:attachment":[{"href":"https:\/\/feuerwehrwoerth.de\/index.php\/wp-json\/wp\/v2\/media?parent=4536"}],"wp:term":[{"taxonomy":"category","embeddable":true,"href":"https:\/\/feuerwehrwoerth.de\/index.php\/wp-json\/wp\/v2\/categories?post=4536"},{"taxonomy":"post_tag","embeddable":true,"href":"https:\/\/feuerwehrwoerth.de\/index.php\/wp-json\/wp\/v2\/tags?post=4536"}],"curies":[{"name":"wp","href":"https:\/\/api.w.org\/{rel}","templated":true}]}}