{"id":474,"date":"2020-01-25T01:38:00","date_gmt":"2020-01-25T00:38:00","guid":{"rendered":"https:\/\/feuerwehrwoerth.de\/wordpress\/?p=474"},"modified":"2021-10-03T03:47:26","modified_gmt":"2021-10-03T01:47:26","slug":"jahreshauptversammlung-zum-berichtsjahr-2019","status":"publish","type":"post","link":"https:\/\/feuerwehrwoerth.de\/index.php\/2020\/01\/25\/jahreshauptversammlung-zum-berichtsjahr-2019\/","title":{"rendered":"Jahreshauptversammlung zum Berichtsjahr 2019"},"content":{"rendered":"\n<p class=\"has-text-align-justify\">Am 25. Januar 2020 fand unsere Jahreshauptversammlung zum Berichtsjahr 2019 statt. Wieder einmal gab es viel \u00fcber ein vergangenes Jahr zu berichten. Wehrf\u00fchrer Werner W\u00f6schler begr\u00fc\u00dfte die anwesenden Kameraden, den Beigeordneten der Stadt W\u00f6rth am Rhein Dr. Thomas Kr\u00e4mer sowie unseren Wehrleiter J\u00fcrgen Stephany. Besonders freute ihn, dass traditionell auch sehr viele Mitglieder der kameradschaftlichen Vereinigung, die keinen aktiven Feuerwehrdienst mehr leisten, durch ihre Anwesenheit ihre Verbundenheit zur Wehr zum Ausdruck brachten.<\/p>\n\n\n\n<p class=\"has-text-align-justify\">In seinem Jahresbericht als Wehrf\u00fchrer berichtete er \u00fcber den Dienstbetrieb, die Ereignisse und Entwicklungen im Berichtsjahr 2019. In diesem wurden 192 Eins\u00e4tze absolviert. Das ist sind 16 Eins\u00e4tze mehr als im Jahr zuvor. Den gr\u00f6\u00dften Teil davon machten die vielen Brandsicherheitswachen in der Fest- und der Bienwaldhalle aus. Dahinter folgen die Eins\u00e4tze der Technischen Hilfeleistung und erst an dritter Stelle finden sich die Brandeins\u00e4tze. Insgesamt waren zur Bew\u00e4ltigung \u00fcber 1600 Stunden ehrenamtliche Arbeit erforderlich. Im vergangenen Jahr standen 34 allgemeine und 19 spezielle Ausbildungen im Kalender, also insgesamt 53 Termine. Auch wurden wieder gemeinsame Ausbildungen mit den anderen Ortsfeuerwehren der Stadt W\u00f6rth am Rhein durchgef\u00fchrt. Hinzu kamen acht Termine f\u00fcr Schulklassen- und Kindergartenbetreuung zur fr\u00fchkindlichen Brandschutzerziehung. Die meisten \u00dcbungsbesuche konnten in diesem Jahr Ronny Pfrengle gefolgt von Tobias Pfrengle vorweisen.<\/p>\n\n\n\n<p class=\"has-text-align-justify\">Es wurden wieder zahlreiche Lehrg\u00e4nge und Weiterbildungen durch unsere Kameraden absolviert. Die meisten hiervon fanden entweder auf Kommunal- oder Kreisebene statt. Hinzu kamen Lehrg\u00e4nge an der LFKS in Koblenz und Seminare. Ebenso nahmen Kameraden an einer Hei\u00dfausbildung in einem Brandcontainer auf dem Gel\u00e4nde der Feuerwehr Kandel teil. Hinzu kommen mehrere Sitzungen der F\u00fchrungskr\u00e4fte unserer Einheit. Unser Jugendfeuerwehrwart Michael Simon berichtete in seinem Report \u00fcber die Ereignisse unserer Jugendfeuerwehr im zur\u00fcckliegenden Jahr. Im gesamten Jahr konnte die Zahl der Mitglieder bei 8 Jugendlichen gehalten werden. Neben den 35 regul\u00e4ren \u00dcbungen, bei denen \u00fcber 500 Stunden Dienstzeit zustande kamen, wurden auch weitere Veranstaltungen durchgef\u00fchrt. Schriftf\u00fchrer Thomas Graf schaute auf die Veranstaltungen der Kameradschaftlichen Vereinigung zur\u00fcck. Beispielhaft ist hier unser Feuerwehrfest am 1. Mai zu nennen, welches wieder einmal ein voller Erfolg war.<\/p>\n\n\n\n<p>In diesem Jahr konnten mehrere Verpflichtungen von neuen Feuerwehrangeh\u00f6rigen vorgenommen werden. Christian Baumann, Stephanie Butzinger, Kevin Schwendich, Patrick Lacher, Benjamin Weber und Tobias Radike wurden durch Handschlag des Beigeordneten Kr\u00e4mer verpflichtet. Weiterhin konnten folgende Bef\u00f6rderungen durchgef\u00fchrt werden: Michael Meyer zum Feuerwehrmann, Julian Kliche und Tobias Neff und Vincent Virgulto zum Hauptfeuerwehrmann, Patrik Ball und Fabian Karl zum L\u00f6schmeister. Im Anschluss konnten Kameraden f\u00fcr ihre langj\u00e4hrige Feuerwehrt\u00e4tigkeit geehrt werden. Zu diesen geh\u00f6rten in diesem Jahr Nina Weber f\u00fcr 10 Jahre, Marcus Bl\u00e4del und Paul K\u00f6nig f\u00fcr 15 Jahren, Kai Guldenschuh f\u00fcr 20 Jahre, Manfred Dantes und Fabian Neumann f\u00fcr 25 Jahre. Zudem konnten aus unserer Altersabteilung Peter Gartner f\u00fcr 35 Jahre, Kurt Schlo\u00df f\u00fcr 50 Jahre sowie Klaus-Bernd Geisler f\u00fcr 55 Jahre geehrt werden.<\/p>\n\n\n\n<p class=\"has-text-align-justify\">Zum Abschluss \u00fcberreichte uns Wehrleiter J\u00fcrgen Stephany noch eine Reanimationspuppe aus dem Projekt &#8222;Retten macht Schule&#8220; der&nbsp;Bj\u00f6rn-Steiger-Stiftung. Diese ist ein Geschenk unseres Kameraden R\u00fcdiger Knoll aus B\u00fcchelberg, der auch den anderen Ortsfeuerwehren eine solche Puppe zur Verf\u00fcgung stellt. Damit ist es uns m\u00f6glich, sowohl bei \u00dcbungen der aktiven Einsatzmannschaft als auch der Jugendfeuerwehr jederzeit den richtigen Ablauf einer Reanimation zu \u00fcben und unsere Kenntnisse aufzufrischen, um im Ernstfall damit Leben retten zu k\u00f6nnen. Wir bedanken uns hiermit bei R\u00fcdiger f\u00fcr das gro\u00dfartige Geschenk!<\/p>\n\n\n\n<div>ngg_shortcode_0_placeholder<\/div>\n","protected":false},"excerpt":{"rendered":"<p>Am 25. Januar 2020 fand unsere Jahreshauptversammlung zum Berichtsjahr 2019 statt. Wieder einmal gab es viel \u00fcber ein vergangenes Jahr zu berichten. Wehrf\u00fchrer Werner W\u00f6schler begr\u00fc\u00dfte die anwesenden Kameraden, den Beigeordneten der Stadt W\u00f6rth am Rhein Dr. Thomas Kr\u00e4mer sowie unseren Wehrleiter J\u00fcrgen Stephany. Besonders freute ihn, dass traditionell auch sehr viele Mitglieder der kameradschaftlichen [&hellip;]<\/p>\n","protected":false},"author":1,"featured_media":1613,"comment_status":"closed","ping_status":"open","sticky":false,"template":"","format":"standard","meta":{"advgb_blocks_editor_width":"","advgb_blocks_columns_visual_guide":"","ngg_post_thumbnail":0,"_jetpack_memberships_contains_paid_content":false,"footnotes":""},"categories":[1],"tags":[],"class_list":["post-474","post","type-post","status-publish","format-standard","has-post-thumbnail","hentry","category-allgemein"],"author_meta":{"display_name":"Christian","author_link":"https:\/\/feuerwehrwoerth.de\/index.php\/author\/chris\/"},"featured_img":"https:\/\/feuerwehrwoerth.de\/wp-content\/uploads\/2021\/10\/jhv2019-ehrungen-300x164.jpg","jetpack_featured_media_url":"https:\/\/feuerwehrwoerth.de\/wp-content\/uploads\/2021\/10\/jhv2019-ehrungen.jpg","coauthors":[],"tax_additional":{"categories":{"linked":["<a href=\"https:\/\/feuerwehrwoerth.de\/index.php\/category\/allgemein\/\" class=\"advgb-post-tax-term\">Allgemein<\/a>"],"unlinked":["<span class=\"advgb-post-tax-term\">Allgemein<\/span>"]}},"comment_count":"0","relative_dates":{"created":"Posted 6\u00a0Jahren ago","modified":"Updated 5\u00a0Jahren ago"},"absolute_dates":{"created":"Posted on 25. Januar 2020","modified":"Updated on 3. Oktober 2021"},"absolute_dates_time":{"created":"Posted on 25. Januar 2020 1:38","modified":"Updated on 3. Oktober 2021 3:47"},"featured_img_caption":"","series_order":"","jetpack_sharing_enabled":true,"_links":{"self":[{"href":"https:\/\/feuerwehrwoerth.de\/index.php\/wp-json\/wp\/v2\/posts\/474","targetHints":{"allow":["GET"]}}],"collection":[{"href":"https:\/\/feuerwehrwoerth.de\/index.php\/wp-json\/wp\/v2\/posts"}],"about":[{"href":"https:\/\/feuerwehrwoerth.de\/index.php\/wp-json\/wp\/v2\/types\/post"}],"author":[{"embeddable":true,"href":"https:\/\/feuerwehrwoerth.de\/index.php\/wp-json\/wp\/v2\/users\/1"}],"replies":[{"embeddable":true,"href":"https:\/\/feuerwehrwoerth.de\/index.php\/wp-json\/wp\/v2\/comments?post=474"}],"version-history":[{"count":44,"href":"https:\/\/feuerwehrwoerth.de\/index.php\/wp-json\/wp\/v2\/posts\/474\/revisions"}],"predecessor-version":[{"id":1628,"href":"https:\/\/feuerwehrwoerth.de\/index.php\/wp-json\/wp\/v2\/posts\/474\/revisions\/1628"}],"wp:featuredmedia":[{"embeddable":true,"href":"https:\/\/feuerwehrwoerth.de\/index.php\/wp-json\/wp\/v2\/media\/1613"}],"wp:attachment":[{"href":"https:\/\/feuerwehrwoerth.de\/index.php\/wp-json\/wp\/v2\/media?parent=474"}],"wp:term":[{"taxonomy":"category","embeddable":true,"href":"https:\/\/feuerwehrwoerth.de\/index.php\/wp-json\/wp\/v2\/categories?post=474"},{"taxonomy":"post_tag","embeddable":true,"href":"https:\/\/feuerwehrwoerth.de\/index.php\/wp-json\/wp\/v2\/tags?post=474"}],"curies":[{"name":"wp","href":"https:\/\/api.w.org\/{rel}","templated":true}]}}