{"id":5013,"date":"2023-06-03T21:14:52","date_gmt":"2023-06-03T19:14:52","guid":{"rendered":"https:\/\/feuerwehrwoerth.de\/?p=5013"},"modified":"2023-06-03T21:20:17","modified_gmt":"2023-06-03T19:20:17","slug":"atemschutzuebung-der-facheinheit-atemschutz","status":"publish","type":"post","link":"https:\/\/feuerwehrwoerth.de\/index.php\/2023\/06\/03\/atemschutzuebung-der-facheinheit-atemschutz\/","title":{"rendered":"Atemschutz\u00fcbung der Facheinheit Atemschutz"},"content":{"rendered":"\n<p>Am heutigen Samstagmorgen fand die zweite gemeinsame Atemschutz\u00fcbung des Jahres mit Teilnehmern aus dem gesamten Stadtgebiet statt. Ziel dieser regelm\u00e4\u00dfig stattfindenden Atemschutz\u00fcbungen ist neben dem St\u00e4rken der pers\u00f6nlichen F\u00e4higkeiten auch der Austausch und die einheitliche Ausbildung. Davon k\u00f6nnen alle bei gemeinsamen Eins\u00e4tzen profitieren.<\/p>\n\n\n\n<p>Die \u00dcbung war in zwei Stationen aufgeteilt: Eine Station widmete sich den verschiedenen Gangarten bei schlechter Sicht, der Rauchgask\u00fchlung sowie der Flammenabwehrreaktion. Diese Methoden wurden theoretisch besprochen und danach praktisch ge\u00fcbt.<\/p>\n\n\n\n<p>Die andere Station beinhaltete eine Wissensauffrischung zu den Themen Schlauchmanagement, Schlauchtragekorb und Schlauchpake. Auch diese Aspekte wurden anhand verschiedener Beispiele ge\u00fcbt.<\/p>\n\n\n\n<p>Dar\u00fcber hinaus wurden weitere Themen wie Gefahren im Innenangriff behandelt. Der Fokus lag dabei vor allen auf den Themen <a href=\"https:\/\/de.wikipedia.org\/wiki\/Flashover\" target=\"_blank\" rel=\"noreferrer noopener\">Flashover<\/a> und <a href=\"https:\/\/de.wikipedia.org\/wiki\/Rauchgasexplosion\" target=\"_blank\" rel=\"noreferrer noopener\">Backdraft<\/a>.<\/p>\n\n\n\nngg_shortcode_0_placeholder\n","protected":false},"excerpt":{"rendered":"<p>Am heutigen Samstagmorgen fand die zweite gemeinsame Atemschutz\u00fcbung des Jahres mit Teilnehmern aus dem gesamten Stadtgebiet statt. Ziel dieser regelm\u00e4\u00dfig stattfindenden Atemschutz\u00fcbungen ist neben dem St\u00e4rken der pers\u00f6nlichen F\u00e4higkeiten auch der Austausch und die einheitliche Ausbildung. Davon k\u00f6nnen alle bei gemeinsamen Eins\u00e4tzen profitieren. Die \u00dcbung war in zwei Stationen aufgeteilt: Eine Station widmete sich den [&hellip;]<\/p>\n","protected":false},"author":1,"featured_media":5029,"comment_status":"closed","ping_status":"open","sticky":false,"template":"","format":"standard","meta":{"advgb_blocks_editor_width":"","advgb_blocks_columns_visual_guide":"","ngg_post_thumbnail":0,"_jetpack_memberships_contains_paid_content":false,"footnotes":""},"categories":[39,41],"tags":[68,73],"class_list":["post-5013","post","type-post","status-publish","format-standard","has-post-thumbnail","hentry","category-ausbildung","category-uebung","tag-agt","tag-uebung"],"author_meta":{"display_name":"Christian","author_link":"https:\/\/feuerwehrwoerth.de\/index.php\/author\/chris\/"},"featured_img":"https:\/\/feuerwehrwoerth.de\/wp-content\/uploads\/2023\/06\/2023-06-03-as-uebung-300x164.jpg","jetpack_featured_media_url":"https:\/\/feuerwehrwoerth.de\/wp-content\/uploads\/2023\/06\/2023-06-03-as-uebung.jpg","coauthors":[],"tax_additional":{"categories":{"linked":["<a href=\"https:\/\/feuerwehrwoerth.de\/index.php\/category\/ausbildung\/\" class=\"advgb-post-tax-term\">Ausbildung<\/a>","<a href=\"https:\/\/feuerwehrwoerth.de\/index.php\/category\/uebung\/\" class=\"advgb-post-tax-term\">\u00dcbung<\/a>"],"unlinked":["<span class=\"advgb-post-tax-term\">Ausbildung<\/span>","<span class=\"advgb-post-tax-term\">\u00dcbung<\/span>"]},"tags":{"linked":["<a href=\"https:\/\/feuerwehrwoerth.de\/index.php\/category\/uebung\/\" class=\"advgb-post-tax-term\">agt<\/a>","<a href=\"https:\/\/feuerwehrwoerth.de\/index.php\/category\/uebung\/\" class=\"advgb-post-tax-term\">\u00fcbung<\/a>"],"unlinked":["<span class=\"advgb-post-tax-term\">agt<\/span>","<span class=\"advgb-post-tax-term\">\u00fcbung<\/span>"]}},"comment_count":"0","relative_dates":{"created":"Posted 3\u00a0Jahren ago","modified":"Updated 3\u00a0Jahren ago"},"absolute_dates":{"created":"Posted on 3. Juni 2023","modified":"Updated on 3. Juni 2023"},"absolute_dates_time":{"created":"Posted on 3. Juni 2023 21:14","modified":"Updated on 3. Juni 2023 21:20"},"featured_img_caption":"","series_order":"","jetpack_sharing_enabled":true,"_links":{"self":[{"href":"https:\/\/feuerwehrwoerth.de\/index.php\/wp-json\/wp\/v2\/posts\/5013","targetHints":{"allow":["GET"]}}],"collection":[{"href":"https:\/\/feuerwehrwoerth.de\/index.php\/wp-json\/wp\/v2\/posts"}],"about":[{"href":"https:\/\/feuerwehrwoerth.de\/index.php\/wp-json\/wp\/v2\/types\/post"}],"author":[{"embeddable":true,"href":"https:\/\/feuerwehrwoerth.de\/index.php\/wp-json\/wp\/v2\/users\/1"}],"replies":[{"embeddable":true,"href":"https:\/\/feuerwehrwoerth.de\/index.php\/wp-json\/wp\/v2\/comments?post=5013"}],"version-history":[{"count":4,"href":"https:\/\/feuerwehrwoerth.de\/index.php\/wp-json\/wp\/v2\/posts\/5013\/revisions"}],"predecessor-version":[{"id":5028,"href":"https:\/\/feuerwehrwoerth.de\/index.php\/wp-json\/wp\/v2\/posts\/5013\/revisions\/5028"}],"wp:featuredmedia":[{"embeddable":true,"href":"https:\/\/feuerwehrwoerth.de\/index.php\/wp-json\/wp\/v2\/media\/5029"}],"wp:attachment":[{"href":"https:\/\/feuerwehrwoerth.de\/index.php\/wp-json\/wp\/v2\/media?parent=5013"}],"wp:term":[{"taxonomy":"category","embeddable":true,"href":"https:\/\/feuerwehrwoerth.de\/index.php\/wp-json\/wp\/v2\/categories?post=5013"},{"taxonomy":"post_tag","embeddable":true,"href":"https:\/\/feuerwehrwoerth.de\/index.php\/wp-json\/wp\/v2\/tags?post=5013"}],"curies":[{"name":"wp","href":"https:\/\/api.w.org\/{rel}","templated":true}]}}