{"id":5149,"date":"2023-07-15T11:11:30","date_gmt":"2023-07-15T09:11:30","guid":{"rendered":"https:\/\/feuerwehrwoerth.de\/?p=5149"},"modified":"2023-07-15T11:11:32","modified_gmt":"2023-07-15T09:11:32","slug":"verleihung-der-fluthilfemedaille","status":"publish","type":"post","link":"https:\/\/feuerwehrwoerth.de\/index.php\/2023\/07\/15\/verleihung-der-fluthilfemedaille\/","title":{"rendered":"Verleihung der Fluthilfemedaille"},"content":{"rendered":"\n<p>In einem feierlichem Rahmen verlieh Landrat Dr. Fritz Brechtel zusammen mit Vertretern der Blaulichtfamilie die Dankmedaille des Landes Rheinland-Pfalz f\u00fcr die im Ahrtal eingesetzten Rettungskr\u00e4fte von Feuerwehr, THW, DRK und des Malteser Hilfsdienstes. Unter den 218 Geehrten befanden sich auch zahlreiche Einsatzkr\u00e4fte aus der Stadt W\u00f6rth am Rhein.<br>Ein besonderer Dank gilt der Feuerwehr VG R\u00fclzheim die mit mit der Organisation und Ausrichtung dieses Abends einen w\u00fcrdigen Rahmen geschaffen hat. Vielen Dank daf\u00fcr!<\/p>\n\n\n\nngg_shortcode_0_placeholder\n","protected":false},"excerpt":{"rendered":"<p>In einem feierlichem Rahmen verlieh Landrat Dr. Fritz Brechtel zusammen mit Vertretern der Blaulichtfamilie die Dankmedaille des Landes Rheinland-Pfalz f\u00fcr die im Ahrtal eingesetzten Rettungskr\u00e4fte von Feuerwehr, THW, DRK und des Malteser Hilfsdienstes. Unter den 218 Geehrten befanden sich auch zahlreiche Einsatzkr\u00e4fte aus der Stadt W\u00f6rth am Rhein.Ein besonderer Dank gilt der Feuerwehr VG R\u00fclzheim [&hellip;]<\/p>\n","protected":false},"author":1,"featured_media":5150,"comment_status":"closed","ping_status":"open","sticky":false,"template":"","format":"standard","meta":{"advgb_blocks_editor_width":"","advgb_blocks_columns_visual_guide":"","ngg_post_thumbnail":0,"_jetpack_memberships_contains_paid_content":false,"footnotes":""},"categories":[1],"tags":[],"class_list":["post-5149","post","type-post","status-publish","format-standard","has-post-thumbnail","hentry","category-allgemein"],"author_meta":{"display_name":"Christian","author_link":"https:\/\/feuerwehrwoerth.de\/index.php\/author\/chris\/"},"featured_img":"https:\/\/feuerwehrwoerth.de\/wp-content\/uploads\/2023\/07\/2023-07-14-fluthilfe-artikelbild-300x164.jpg","jetpack_featured_media_url":"https:\/\/feuerwehrwoerth.de\/wp-content\/uploads\/2023\/07\/2023-07-14-fluthilfe-artikelbild.jpg","coauthors":[],"tax_additional":{"categories":{"linked":["<a href=\"https:\/\/feuerwehrwoerth.de\/index.php\/category\/allgemein\/\" class=\"advgb-post-tax-term\">Allgemein<\/a>"],"unlinked":["<span class=\"advgb-post-tax-term\">Allgemein<\/span>"]}},"comment_count":"0","relative_dates":{"created":"Posted 3\u00a0Jahren ago","modified":"Updated 3\u00a0Jahren ago"},"absolute_dates":{"created":"Posted on 15. Juli 2023","modified":"Updated on 15. Juli 2023"},"absolute_dates_time":{"created":"Posted on 15. Juli 2023 11:11","modified":"Updated on 15. Juli 2023 11:11"},"featured_img_caption":"","series_order":"","jetpack_sharing_enabled":true,"_links":{"self":[{"href":"https:\/\/feuerwehrwoerth.de\/index.php\/wp-json\/wp\/v2\/posts\/5149","targetHints":{"allow":["GET"]}}],"collection":[{"href":"https:\/\/feuerwehrwoerth.de\/index.php\/wp-json\/wp\/v2\/posts"}],"about":[{"href":"https:\/\/feuerwehrwoerth.de\/index.php\/wp-json\/wp\/v2\/types\/post"}],"author":[{"embeddable":true,"href":"https:\/\/feuerwehrwoerth.de\/index.php\/wp-json\/wp\/v2\/users\/1"}],"replies":[{"embeddable":true,"href":"https:\/\/feuerwehrwoerth.de\/index.php\/wp-json\/wp\/v2\/comments?post=5149"}],"version-history":[{"count":1,"href":"https:\/\/feuerwehrwoerth.de\/index.php\/wp-json\/wp\/v2\/posts\/5149\/revisions"}],"predecessor-version":[{"id":5158,"href":"https:\/\/feuerwehrwoerth.de\/index.php\/wp-json\/wp\/v2\/posts\/5149\/revisions\/5158"}],"wp:featuredmedia":[{"embeddable":true,"href":"https:\/\/feuerwehrwoerth.de\/index.php\/wp-json\/wp\/v2\/media\/5150"}],"wp:attachment":[{"href":"https:\/\/feuerwehrwoerth.de\/index.php\/wp-json\/wp\/v2\/media?parent=5149"}],"wp:term":[{"taxonomy":"category","embeddable":true,"href":"https:\/\/feuerwehrwoerth.de\/index.php\/wp-json\/wp\/v2\/categories?post=5149"},{"taxonomy":"post_tag","embeddable":true,"href":"https:\/\/feuerwehrwoerth.de\/index.php\/wp-json\/wp\/v2\/tags?post=5149"}],"curies":[{"name":"wp","href":"https:\/\/api.w.org\/{rel}","templated":true}]}}