{"id":5281,"date":"2023-09-23T20:51:00","date_gmt":"2023-09-23T18:51:00","guid":{"rendered":"https:\/\/feuerwehrwoerth.de\/?p=5281"},"modified":"2023-09-25T16:52:13","modified_gmt":"2023-09-25T14:52:13","slug":"ausbildungsveranstaltung-mit-rettungsdienst","status":"publish","type":"post","link":"https:\/\/feuerwehrwoerth.de\/index.php\/2023\/09\/23\/ausbildungsveranstaltung-mit-rettungsdienst\/","title":{"rendered":"Ausbildungsveranstaltung mit Rettungsdienst"},"content":{"rendered":"\n<p>Am Samstagmorgen unterst\u00fctzten wir mit unserer <a href=\"https:\/\/feuerwehrwoerth.de\/index.php\/ueber-uns\/fahrzeuge\/dlk-23-12\/\" data-type=\"page\" data-id=\"261\">Drehleiter<\/a> bei einer Ausbildungsveranstaltung f\u00fcr Notfallsanit\u00e4ter-Azubis. Dabei handelte es sich um eine Veranstaltung f\u00fcr die Angeh\u00f6rigen aller Ausbildungsjahrg\u00e4nge. Die Zusammenarbeit erfolgte gemeinsam mit den Kameraden der Freiwilligen Feuerwehr Kandel am dortigen Standort.<\/p>\n\n\n\n<p>Prim\u00e4re Zielgruppe der Stationsausbildung waren die Notfallsanit\u00e4ter-Azubis im Zusammenspiel mit den bereits etablierten Not\u00e4rzte. Ge\u00fcbt wurde an verschiedenen Stationen mit unterschiedlichen Ausbildungsinhalten. Zum Einsatz kamen dabei neue Techniken in m\u00f6glichst komplexen Szenarien. Der Fokus lag vor allem auf der Realit\u00e4tsn\u00e4he \u2013 und daf\u00fcr haben die Organisatoren alles aufgefahren, was m\u00f6glich war. So landete beispielweise ein voll ausgestatteter Rettungshubschrauber zwischen den Stationen, die auf dem Gel\u00e4nde aufgebaut waren. So konnte dieser auch direkt voll in die \u00dcbungen eingebunden werden.<\/p>\n\n\n\n<p>Zu den Stationen geh\u00f6rten Inhalte wie Diagnostik und Erstma\u00dfnahmen mittels Ultraschall an einem realistischen Modell eines Unfallopfers, Aufsp\u00fcren von inneren Blutungen sowie die Durchf\u00fchrung lebensrettender Sofortma\u00dfnahmen. Mit Hilfe der beiden Drehleitern wurden sowohl Rettungen aus der Tiefe als auch aus der H\u00f6he durchgef\u00fchrt. Zum einen wurde ein Kind aus einem schwer zug\u00e4nglichen Wasser-R\u00fcckhaltebecken gerettet; Zum anderen musste ein zeitkritischer Patient aus dem Obergeschoss des Feuerwehrger\u00e4tehauses nach unten transportiert werden. Im Anschluss konnten die Helfer des Rettungsdienstes noch ihr K\u00f6nnen in einem Reanimationswettbewerb unter Beweis stellen.<\/p>\n\n\n\n<p>Die Ausbildungsveranstaltung brachte auch f\u00fcr uns sehr viel Positives hervor: Wir konnten gemeinsam mit dem Rettungsdienst \u00fcben und dadurch gegenseitig unsere M\u00f6glichkeiten und Einsatzgrenzen erl\u00e4utern. Vielen Dank an alle Teilnehmer f\u00fcr den konstruktiven und spannenden Tag. Auch gilt unser Dank den Kameraden aus Kandel f\u00fcr die Bereitschaft so eine Ausbildung abzuhalten und die Verpflegung zu organisieren.<\/p>\n\n\n\nngg_shortcode_0_placeholder\n","protected":false},"excerpt":{"rendered":"<p>Am Samstagmorgen unterst\u00fctzten wir mit unserer Drehleiter bei einer Ausbildungsveranstaltung f\u00fcr Notfallsanit\u00e4ter-Azubis. Dabei handelte es sich um eine Veranstaltung f\u00fcr die Angeh\u00f6rigen aller Ausbildungsjahrg\u00e4nge. Die Zusammenarbeit erfolgte gemeinsam mit den Kameraden der Freiwilligen Feuerwehr Kandel am dortigen Standort. Prim\u00e4re Zielgruppe der Stationsausbildung waren die Notfallsanit\u00e4ter-Azubis im Zusammenspiel mit den bereits etablierten Not\u00e4rzte. Ge\u00fcbt wurde an [&hellip;]<\/p>\n","protected":false},"author":2,"featured_media":5299,"comment_status":"closed","ping_status":"open","sticky":false,"template":"","format":"standard","meta":{"advgb_blocks_editor_width":"","advgb_blocks_columns_visual_guide":"","ngg_post_thumbnail":0,"_jetpack_memberships_contains_paid_content":false,"footnotes":""},"categories":[1,39],"tags":[74,105,158,159,160],"class_list":["post-5281","post","type-post","status-publish","format-standard","has-post-thumbnail","hentry","category-allgemein","category-ausbildung","tag-th","tag-ausbildung","tag-rettungsdienst","tag-rth","tag-dlk"],"author_meta":{"display_name":"Tobias","author_link":"https:\/\/feuerwehrwoerth.de\/index.php\/author\/tobias\/"},"featured_img":"https:\/\/feuerwehrwoerth.de\/wp-content\/uploads\/2023\/09\/IMG_20230923_094658-Titel-300x164.jpg","jetpack_featured_media_url":"https:\/\/feuerwehrwoerth.de\/wp-content\/uploads\/2023\/09\/IMG_20230923_094658-Titel.jpg","coauthors":[],"tax_additional":{"categories":{"linked":["<a href=\"https:\/\/feuerwehrwoerth.de\/index.php\/category\/allgemein\/\" class=\"advgb-post-tax-term\">Allgemein<\/a>","<a href=\"https:\/\/feuerwehrwoerth.de\/index.php\/category\/ausbildung\/\" class=\"advgb-post-tax-term\">Ausbildung<\/a>"],"unlinked":["<span class=\"advgb-post-tax-term\">Allgemein<\/span>","<span class=\"advgb-post-tax-term\">Ausbildung<\/span>"]},"tags":{"linked":["<a href=\"https:\/\/feuerwehrwoerth.de\/index.php\/category\/ausbildung\/\" class=\"advgb-post-tax-term\">th<\/a>","<a href=\"https:\/\/feuerwehrwoerth.de\/index.php\/category\/ausbildung\/\" class=\"advgb-post-tax-term\">ausbildung<\/a>","<a href=\"https:\/\/feuerwehrwoerth.de\/index.php\/category\/ausbildung\/\" class=\"advgb-post-tax-term\">rettungsdienst<\/a>","<a href=\"https:\/\/feuerwehrwoerth.de\/index.php\/category\/ausbildung\/\" class=\"advgb-post-tax-term\">rth<\/a>","<a href=\"https:\/\/feuerwehrwoerth.de\/index.php\/category\/ausbildung\/\" class=\"advgb-post-tax-term\">dlk<\/a>"],"unlinked":["<span class=\"advgb-post-tax-term\">th<\/span>","<span class=\"advgb-post-tax-term\">ausbildung<\/span>","<span class=\"advgb-post-tax-term\">rettungsdienst<\/span>","<span class=\"advgb-post-tax-term\">rth<\/span>","<span class=\"advgb-post-tax-term\">dlk<\/span>"]}},"comment_count":"0","relative_dates":{"created":"Posted 3\u00a0Jahren ago","modified":"Updated 3\u00a0Jahren ago"},"absolute_dates":{"created":"Posted on 23. September 2023","modified":"Updated on 25. September 2023"},"absolute_dates_time":{"created":"Posted on 23. September 2023 20:51","modified":"Updated on 25. September 2023 16:52"},"featured_img_caption":"","series_order":"","jetpack_sharing_enabled":true,"_links":{"self":[{"href":"https:\/\/feuerwehrwoerth.de\/index.php\/wp-json\/wp\/v2\/posts\/5281","targetHints":{"allow":["GET"]}}],"collection":[{"href":"https:\/\/feuerwehrwoerth.de\/index.php\/wp-json\/wp\/v2\/posts"}],"about":[{"href":"https:\/\/feuerwehrwoerth.de\/index.php\/wp-json\/wp\/v2\/types\/post"}],"author":[{"embeddable":true,"href":"https:\/\/feuerwehrwoerth.de\/index.php\/wp-json\/wp\/v2\/users\/2"}],"replies":[{"embeddable":true,"href":"https:\/\/feuerwehrwoerth.de\/index.php\/wp-json\/wp\/v2\/comments?post=5281"}],"version-history":[{"count":13,"href":"https:\/\/feuerwehrwoerth.de\/index.php\/wp-json\/wp\/v2\/posts\/5281\/revisions"}],"predecessor-version":[{"id":5320,"href":"https:\/\/feuerwehrwoerth.de\/index.php\/wp-json\/wp\/v2\/posts\/5281\/revisions\/5320"}],"wp:featuredmedia":[{"embeddable":true,"href":"https:\/\/feuerwehrwoerth.de\/index.php\/wp-json\/wp\/v2\/media\/5299"}],"wp:attachment":[{"href":"https:\/\/feuerwehrwoerth.de\/index.php\/wp-json\/wp\/v2\/media?parent=5281"}],"wp:term":[{"taxonomy":"category","embeddable":true,"href":"https:\/\/feuerwehrwoerth.de\/index.php\/wp-json\/wp\/v2\/categories?post=5281"},{"taxonomy":"post_tag","embeddable":true,"href":"https:\/\/feuerwehrwoerth.de\/index.php\/wp-json\/wp\/v2\/tags?post=5281"}],"curies":[{"name":"wp","href":"https:\/\/api.w.org\/{rel}","templated":true}]}}