{"id":529,"date":"2020-12-11T19:41:24","date_gmt":"2020-12-11T18:41:24","guid":{"rendered":"https:\/\/feuerwehrwoerth.de\/wordpress\/?p=529"},"modified":"2021-10-04T17:56:50","modified_gmt":"2021-10-04T15:56:50","slug":"online-uebung","status":"publish","type":"post","link":"https:\/\/feuerwehrwoerth.de\/index.php\/2020\/12\/11\/online-uebung\/","title":{"rendered":"Online-\u00dcbung zum Thema Absturzsicherung"},"content":{"rendered":"\n<p class=\"has-text-align-justify\">Die Corona-Pandemie stellt auch f\u00fcr uns als Feuerwehr eine besondere Herausforderung dar. Es ist wichtig das Wissen immer wieder aufzufrischen. Daher fand auch unsere letzte \u00dcbung wieder als Online-\u00dcbung statt. Thema war die Absturzsicherung bei uns am Standort W\u00f6rth. Die Arbeit der Absturzsicherung wurde vorgestellt. Des Weiteren wurden die M\u00f6glichkeiten und Grenzen dieses Fachbereichs besprochen, ebenso wie die Hilfsm\u00f6glichkeiten jedes einzelnen Kameraden. Denn auch ohne den Lehrgang &#8222;Absturzsicherung&#8220; besucht zu haben, k\u00f6nnen die Kameraden der Absturzsicherung immer Hilfe z. B. beim An- und Ablegen der Ausr\u00fcstung gebrauchen. Das positive Feedback der Teilnehmer best\u00e4tigte einmal mehr, dass unsere Feuerwehr sehr flexibel und anpassungsf\u00e4hig ist und so auch besondere Lagen, wie die aktuelle Lage in der Pandemie bew\u00e4ltigt werden k\u00f6nnen.<br><br>P.S.: Eins\u00e4tze werden nat\u00fcrlich nach wie gewohnt vor Ort und in vollem Umfang abgearbeitet.<\/p>\n\n\n\n<div class=\"wp-block-advgb-accordions advgb-accordion-wrapper\"><\/div>\n\n\n\n<figure class=\"wp-block-gallery columns-3 is-cropped wp-block-gallery-1\"><ul class=\"blocks-gallery-grid\"><li class=\"blocks-gallery-item\"><figure><img loading=\"lazy\" decoding=\"async\" width=\"531\" height=\"800\" src=\"https:\/\/feuerwehrwoerth.de\/wp-content\/uploads\/Ausbildung\/k-DSC_0522.jpg\" alt=\"\" data-id=\"696\" data-full-url=\"https:\/\/feuerwehrwoerth.de\/wp-content\/uploads\/Ausbildung\/k-DSC_0522.jpg\" data-link=\"https:\/\/feuerwehrwoerth.de\/index.php\/ausbildung\/absturzsicherung\/k-dsc_0522\/\" class=\"wp-image-696\" srcset=\"https:\/\/feuerwehrwoerth.de\/wp-content\/uploads\/Ausbildung\/k-DSC_0522.jpg 531w, https:\/\/feuerwehrwoerth.de\/wp-content\/uploads\/Ausbildung\/k-DSC_0522-199x300.jpg 199w\" sizes=\"auto, (max-width: 531px) 100vw, 531px\" \/><figcaption class=\"blocks-gallery-item__caption\">Der Auffang- und Sitzgurt soll als ein Teil der Schutzausr\u00fcstung beim Sturz vor Verletzungen sch\u00fctzen.<\/figcaption><\/figure><\/li><li class=\"blocks-gallery-item\"><figure><img loading=\"lazy\" decoding=\"async\" width=\"800\" height=\"600\" src=\"https:\/\/feuerwehrwoerth.de\/wp-content\/uploads\/Ausbildung\/k-IMG_0505.jpg\" alt=\"\" data-id=\"715\" data-full-url=\"https:\/\/feuerwehrwoerth.de\/wp-content\/uploads\/Ausbildung\/k-IMG_0505.jpg\" data-link=\"https:\/\/feuerwehrwoerth.de\/index.php\/ausbildung\/absturzsicherung\/k-img_0505\/\" class=\"wp-image-715\" srcset=\"https:\/\/feuerwehrwoerth.de\/wp-content\/uploads\/Ausbildung\/k-IMG_0505.jpg 800w, https:\/\/feuerwehrwoerth.de\/wp-content\/uploads\/Ausbildung\/k-IMG_0505-300x225.jpg 300w, https:\/\/feuerwehrwoerth.de\/wp-content\/uploads\/Ausbildung\/k-IMG_0505-768x576.jpg 768w\" sizes=\"auto, (max-width: 800px) 100vw, 800px\" \/><\/figure><\/li><li class=\"blocks-gallery-item\"><figure><img loading=\"lazy\" decoding=\"async\" width=\"800\" height=\"600\" src=\"https:\/\/feuerwehrwoerth.de\/wp-content\/uploads\/Ausbildung\/k-20160914_194641.jpg\" alt=\"\" data-id=\"718\" data-full-url=\"https:\/\/feuerwehrwoerth.de\/wp-content\/uploads\/Ausbildung\/k-20160914_194641.jpg\" data-link=\"https:\/\/feuerwehrwoerth.de\/index.php\/ausbildung\/absturzsicherung\/k-20160914_194641\/\" class=\"wp-image-718\" srcset=\"https:\/\/feuerwehrwoerth.de\/wp-content\/uploads\/Ausbildung\/k-20160914_194641.jpg 800w, https:\/\/feuerwehrwoerth.de\/wp-content\/uploads\/Ausbildung\/k-20160914_194641-300x225.jpg 300w, https:\/\/feuerwehrwoerth.de\/wp-content\/uploads\/Ausbildung\/k-20160914_194641-768x576.jpg 768w\" sizes=\"auto, (max-width: 800px) 100vw, 800px\" \/><\/figure><\/li><li class=\"blocks-gallery-item\"><figure><img loading=\"lazy\" decoding=\"async\" width=\"750\" height=\"410\" src=\"https:\/\/feuerwehrwoerth.de\/wp-content\/uploads\/2021\/10\/abstusi-online.png\" alt=\"\" data-id=\"1603\" data-full-url=\"https:\/\/feuerwehrwoerth.de\/wp-content\/uploads\/2021\/10\/abstusi-online.png\" data-link=\"https:\/\/feuerwehrwoerth.de\/abstusi-online\/\" class=\"wp-image-1603 is-layout-flex wp-block-gallery-is-layout-flex\" srcset=\"https:\/\/feuerwehrwoerth.de\/wp-content\/uploads\/2021\/10\/abstusi-online.png 750w, https:\/\/feuerwehrwoerth.de\/wp-content\/uploads\/2021\/10\/abstusi-online-300x164.png 300w\" sizes=\"auto, (max-width: 750px) 100vw, 750px\" \/><\/figure><\/li><\/ul><\/figure>\n","protected":false},"excerpt":{"rendered":"<p>Die Corona-Pandemie stellt auch f\u00fcr uns als Feuerwehr eine besondere Herausforderung dar. Es ist wichtig das Wissen immer wieder aufzufrischen. Daher fand auch unsere letzte \u00dcbung wieder als Online-\u00dcbung statt. Thema war die Absturzsicherung bei uns am Standort W\u00f6rth. Die Arbeit der Absturzsicherung wurde vorgestellt. Des Weiteren wurden die M\u00f6glichkeiten und Grenzen dieses Fachbereichs besprochen, [&hellip;]<\/p>\n","protected":false},"author":1,"featured_media":1603,"comment_status":"closed","ping_status":"open","sticky":false,"template":"","format":"standard","meta":{"advgb_blocks_editor_width":"","advgb_blocks_columns_visual_guide":"","ngg_post_thumbnail":0,"_jetpack_memberships_contains_paid_content":false,"footnotes":""},"categories":[41],"tags":[],"class_list":["post-529","post","type-post","status-publish","format-standard","has-post-thumbnail","hentry","category-uebung"],"author_meta":{"display_name":"Christian","author_link":"https:\/\/feuerwehrwoerth.de\/index.php\/author\/chris\/"},"featured_img":"https:\/\/feuerwehrwoerth.de\/wp-content\/uploads\/2021\/10\/abstusi-online-300x164.png","jetpack_featured_media_url":"https:\/\/feuerwehrwoerth.de\/wp-content\/uploads\/2021\/10\/abstusi-online.png","coauthors":[],"tax_additional":{"categories":{"linked":["<a href=\"https:\/\/feuerwehrwoerth.de\/index.php\/category\/uebung\/\" class=\"advgb-post-tax-term\">\u00dcbung<\/a>"],"unlinked":["<span class=\"advgb-post-tax-term\">\u00dcbung<\/span>"]}},"comment_count":"0","relative_dates":{"created":"Posted 5\u00a0Jahren ago","modified":"Updated 5\u00a0Jahren ago"},"absolute_dates":{"created":"Posted on 11. Dezember 2020","modified":"Updated on 4. Oktober 2021"},"absolute_dates_time":{"created":"Posted on 11. Dezember 2020 19:41","modified":"Updated on 4. Oktober 2021 17:56"},"featured_img_caption":"","series_order":"","jetpack_sharing_enabled":true,"_links":{"self":[{"href":"https:\/\/feuerwehrwoerth.de\/index.php\/wp-json\/wp\/v2\/posts\/529","targetHints":{"allow":["GET"]}}],"collection":[{"href":"https:\/\/feuerwehrwoerth.de\/index.php\/wp-json\/wp\/v2\/posts"}],"about":[{"href":"https:\/\/feuerwehrwoerth.de\/index.php\/wp-json\/wp\/v2\/types\/post"}],"author":[{"embeddable":true,"href":"https:\/\/feuerwehrwoerth.de\/index.php\/wp-json\/wp\/v2\/users\/1"}],"replies":[{"embeddable":true,"href":"https:\/\/feuerwehrwoerth.de\/index.php\/wp-json\/wp\/v2\/comments?post=529"}],"version-history":[{"count":21,"href":"https:\/\/feuerwehrwoerth.de\/index.php\/wp-json\/wp\/v2\/posts\/529\/revisions"}],"predecessor-version":[{"id":1790,"href":"https:\/\/feuerwehrwoerth.de\/index.php\/wp-json\/wp\/v2\/posts\/529\/revisions\/1790"}],"wp:featuredmedia":[{"embeddable":true,"href":"https:\/\/feuerwehrwoerth.de\/index.php\/wp-json\/wp\/v2\/media\/1603"}],"wp:attachment":[{"href":"https:\/\/feuerwehrwoerth.de\/index.php\/wp-json\/wp\/v2\/media?parent=529"}],"wp:term":[{"taxonomy":"category","embeddable":true,"href":"https:\/\/feuerwehrwoerth.de\/index.php\/wp-json\/wp\/v2\/categories?post=529"},{"taxonomy":"post_tag","embeddable":true,"href":"https:\/\/feuerwehrwoerth.de\/index.php\/wp-json\/wp\/v2\/tags?post=529"}],"curies":[{"name":"wp","href":"https:\/\/api.w.org\/{rel}","templated":true}]}}