{"id":5793,"date":"2024-03-17T22:09:27","date_gmt":"2024-03-17T21:09:27","guid":{"rendered":"https:\/\/feuerwehrwoerth.de\/?p=5793"},"modified":"2024-03-17T22:09:55","modified_gmt":"2024-03-17T21:09:55","slug":"lehrgang-truppfuehrer","status":"publish","type":"post","link":"https:\/\/feuerwehrwoerth.de\/index.php\/2024\/03\/17\/lehrgang-truppfuehrer\/","title":{"rendered":"Lehrgang &#8222;Truppf\u00fchrer&#8220;"},"content":{"rendered":"\n<p>An den letzten beiden Wochenenden nahmen unsere Kameraden Samuel Becker, Sebastian Brunsch, Denis Meiswinkel und Christopher Metz aus der Einsatzabteilung am Truppf\u00fchrer-Lehrgang in Kandel teil. Ausbildungsziel ist hier das F\u00fchren eines Trupps, der kleinsten Teileinheit im Feuerwehreinsatz.<\/p>\n\n\n\n<p>Wir gratulieren den Kameraden zur erfolgreichen Teilnahme an diesem Lehrgang. Unser Dank gilt auch besonders den Kreisausbildern, ohne deren Engagement eine Aus\u00fcbung dieses Ehrenamts nicht m\u00f6glich w\u00e4re.<\/p>\n\n\n\n<figure class=\"wp-block-image size-large\"><img loading=\"lazy\" decoding=\"async\" width=\"1024\" height=\"768\" src=\"https:\/\/feuerwehrwoerth.de\/wp-content\/uploads\/2024\/03\/2024-03-17-truppfuehrer-1024x768.jpeg\" alt=\"\" class=\"wp-image-5795\" srcset=\"https:\/\/feuerwehrwoerth.de\/wp-content\/uploads\/2024\/03\/2024-03-17-truppfuehrer-1024x768.jpeg 1024w, https:\/\/feuerwehrwoerth.de\/wp-content\/uploads\/2024\/03\/2024-03-17-truppfuehrer-300x225.jpeg 300w, https:\/\/feuerwehrwoerth.de\/wp-content\/uploads\/2024\/03\/2024-03-17-truppfuehrer-768x576.jpeg 768w, https:\/\/feuerwehrwoerth.de\/wp-content\/uploads\/2024\/03\/2024-03-17-truppfuehrer-1536x1152.jpeg 1536w, https:\/\/feuerwehrwoerth.de\/wp-content\/uploads\/2024\/03\/2024-03-17-truppfuehrer-500x375.jpeg 500w, https:\/\/feuerwehrwoerth.de\/wp-content\/uploads\/2024\/03\/2024-03-17-truppfuehrer-800x600.jpeg 800w, https:\/\/feuerwehrwoerth.de\/wp-content\/uploads\/2024\/03\/2024-03-17-truppfuehrer-1280x960.jpeg 1280w, https:\/\/feuerwehrwoerth.de\/wp-content\/uploads\/2024\/03\/2024-03-17-truppfuehrer.jpeg 1600w\" sizes=\"auto, (max-width: 1024px) 100vw, 1024px\" \/><figcaption class=\"wp-element-caption\">Samuel Becker, Sebastian Brunsch, Christopher Metz, Denis Meiswinkel, Ausbilder Franco Schinko (v.l.n.r.)<\/figcaption><\/figure>\n","protected":false},"excerpt":{"rendered":"<p>An den letzten beiden Wochenenden nahmen unsere Kameraden Samuel Becker, Sebastian Brunsch, Denis Meiswinkel und Christopher Metz aus der Einsatzabteilung am Truppf\u00fchrer-Lehrgang in Kandel teil. Ausbildungsziel ist hier das F\u00fchren eines Trupps, der kleinsten Teileinheit im Feuerwehreinsatz. Wir gratulieren den Kameraden zur erfolgreichen Teilnahme an diesem Lehrgang. Unser Dank gilt auch besonders den Kreisausbildern, ohne [&hellip;]<\/p>\n","protected":false},"author":1,"featured_media":5795,"comment_status":"closed","ping_status":"open","sticky":false,"template":"","format":"standard","meta":{"advgb_blocks_editor_width":"","advgb_blocks_columns_visual_guide":"","ngg_post_thumbnail":0,"_jetpack_memberships_contains_paid_content":false,"footnotes":""},"categories":[39],"tags":[105,170],"class_list":["post-5793","post","type-post","status-publish","format-standard","has-post-thumbnail","hentry","category-ausbildung","tag-ausbildung","tag-truppfuehrer"],"author_meta":{"display_name":"Christian","author_link":"https:\/\/feuerwehrwoerth.de\/index.php\/author\/chris\/"},"featured_img":"https:\/\/feuerwehrwoerth.de\/wp-content\/uploads\/2024\/03\/2024-03-17-truppfuehrer-300x225.jpeg","jetpack_featured_media_url":"https:\/\/feuerwehrwoerth.de\/wp-content\/uploads\/2024\/03\/2024-03-17-truppfuehrer.jpeg","coauthors":[],"tax_additional":{"categories":{"linked":["<a href=\"https:\/\/feuerwehrwoerth.de\/index.php\/category\/ausbildung\/\" class=\"advgb-post-tax-term\">Ausbildung<\/a>"],"unlinked":["<span class=\"advgb-post-tax-term\">Ausbildung<\/span>"]},"tags":{"linked":["<a href=\"https:\/\/feuerwehrwoerth.de\/index.php\/category\/ausbildung\/\" class=\"advgb-post-tax-term\">ausbildung<\/a>","<a href=\"https:\/\/feuerwehrwoerth.de\/index.php\/category\/ausbildung\/\" class=\"advgb-post-tax-term\">truppf\u00fchrer<\/a>"],"unlinked":["<span class=\"advgb-post-tax-term\">ausbildung<\/span>","<span class=\"advgb-post-tax-term\">truppf\u00fchrer<\/span>"]}},"comment_count":"0","relative_dates":{"created":"Posted 2\u00a0Jahren ago","modified":"Updated 2\u00a0Jahren ago"},"absolute_dates":{"created":"Posted on 17. M\u00e4rz 2024","modified":"Updated on 17. M\u00e4rz 2024"},"absolute_dates_time":{"created":"Posted on 17. M\u00e4rz 2024 22:09","modified":"Updated on 17. M\u00e4rz 2024 22:09"},"featured_img_caption":"","series_order":"","jetpack_sharing_enabled":true,"_links":{"self":[{"href":"https:\/\/feuerwehrwoerth.de\/index.php\/wp-json\/wp\/v2\/posts\/5793","targetHints":{"allow":["GET"]}}],"collection":[{"href":"https:\/\/feuerwehrwoerth.de\/index.php\/wp-json\/wp\/v2\/posts"}],"about":[{"href":"https:\/\/feuerwehrwoerth.de\/index.php\/wp-json\/wp\/v2\/types\/post"}],"author":[{"embeddable":true,"href":"https:\/\/feuerwehrwoerth.de\/index.php\/wp-json\/wp\/v2\/users\/1"}],"replies":[{"embeddable":true,"href":"https:\/\/feuerwehrwoerth.de\/index.php\/wp-json\/wp\/v2\/comments?post=5793"}],"version-history":[{"count":7,"href":"https:\/\/feuerwehrwoerth.de\/index.php\/wp-json\/wp\/v2\/posts\/5793\/revisions"}],"predecessor-version":[{"id":5802,"href":"https:\/\/feuerwehrwoerth.de\/index.php\/wp-json\/wp\/v2\/posts\/5793\/revisions\/5802"}],"wp:featuredmedia":[{"embeddable":true,"href":"https:\/\/feuerwehrwoerth.de\/index.php\/wp-json\/wp\/v2\/media\/5795"}],"wp:attachment":[{"href":"https:\/\/feuerwehrwoerth.de\/index.php\/wp-json\/wp\/v2\/media?parent=5793"}],"wp:term":[{"taxonomy":"category","embeddable":true,"href":"https:\/\/feuerwehrwoerth.de\/index.php\/wp-json\/wp\/v2\/categories?post=5793"},{"taxonomy":"post_tag","embeddable":true,"href":"https:\/\/feuerwehrwoerth.de\/index.php\/wp-json\/wp\/v2\/tags?post=5793"}],"curies":[{"name":"wp","href":"https:\/\/api.w.org\/{rel}","templated":true}]}}