{"id":5929,"date":"2024-04-20T13:43:53","date_gmt":"2024-04-20T11:43:53","guid":{"rendered":"https:\/\/feuerwehrwoerth.de\/?p=5929"},"modified":"2024-04-20T13:45:20","modified_gmt":"2024-04-20T11:45:20","slug":"einsatzuebung-in-maximiliansau","status":"publish","type":"post","link":"https:\/\/feuerwehrwoerth.de\/index.php\/2024\/04\/20\/einsatzuebung-in-maximiliansau\/","title":{"rendered":"Einsatz\u00fcbung in Maximiliansau"},"content":{"rendered":"\n<p>An diesem Freitagabend f\u00fchrten wir zusammen mit den Kameraden aus Maximiliansau eine Einsatz\u00fcbung an der Grundschule Tullaschule durch. Angenommen wurde ein ausgedehnter Brand mit sieben vermissten Personen. An der \u00dcbung wurden aus W\u00f6rth die Fahrzeuge <a href=\"https:\/\/feuerwehrwoerth.de\/index.php\/ueber-uns\/fahrzeuge\/hlf-20-16\/\" data-type=\"page\" data-id=\"160\">HLF 20\/16<\/a>, <a href=\"https:\/\/feuerwehrwoerth.de\/index.php\/ueber-uns\/fahrzeuge\/dlk-23-12\/\" data-type=\"page\" data-id=\"261\">DLK 23\/12<\/a> und <a href=\"https:\/\/feuerwehrwoerth.de\/index.php\/ueber-uns\/fahrzeuge\/mtf\/\" data-type=\"page\" data-id=\"265\">MTF<\/a> eingesetzt.<\/p>\n\n\n\n<p>Nach der erfolgreichen \u00dcbung wurden wir noch von unseren Kameraden aus Maximiliansau mit leckeren W\u00fcrstchen und Steaks vom Grill versorgt. So hatten wir noch einen sch\u00f6nen Abschluss im Kreise der Kameraden. Vielen Dank an euch!<\/p>\n\n\n\n<p>Wenn Du Interesse am besten Hobby der Welt, der Freiwilligen Feuerwehr hast, dann melde Dich gerne bei uns oder komm&#8216; bei einer der <a href=\"https:\/\/feuerwehrwoerth.de\/index.php\/ueber-uns\/termine\/\" data-type=\"page\" data-id=\"69\">n\u00e4chsten \u00dcbungen<\/a> vorbei. So kannst Du Dir einen Einblick bekommen und Dich direkt vor Ort informieren. Wir freuen uns auf Dich!<\/p>\n\n\n\nngg_shortcode_0_placeholder\n\n\n\n<p>Hier ist die Ausfahrt zur \u00dcbung im Video zu sehen:<\/p>\n\n\n\n<figure class=\"wp-block-video\"><video height=\"478\" style=\"aspect-ratio: 478 \/ 478;\" width=\"478\" controls src=\"https:\/\/feuerwehrwoerth.de\/wp-content\/uploads\/2024\/04\/WhatsApp-Video-2024-04-20-um-13.19.57_6ab184b9.mp4\"><\/video><\/figure>\n","protected":false},"excerpt":{"rendered":"<p>An diesem Freitagabend f\u00fchrten wir zusammen mit den Kameraden aus Maximiliansau eine Einsatz\u00fcbung an der Grundschule Tullaschule durch. Angenommen wurde ein ausgedehnter Brand mit sieben vermissten Personen. An der \u00dcbung wurden aus W\u00f6rth die Fahrzeuge HLF 20\/16, DLK 23\/12 und MTF eingesetzt. Nach der erfolgreichen \u00dcbung wurden wir noch von unseren Kameraden aus Maximiliansau mit [&hellip;]<\/p>\n","protected":false},"author":2,"featured_media":5949,"comment_status":"closed","ping_status":"open","sticky":false,"template":"","format":"standard","meta":{"advgb_blocks_editor_width":"","advgb_blocks_columns_visual_guide":"","ngg_post_thumbnail":0,"_jetpack_memberships_contains_paid_content":false,"footnotes":""},"categories":[1,41],"tags":[73],"class_list":["post-5929","post","type-post","status-publish","format-standard","has-post-thumbnail","hentry","category-allgemein","category-uebung","tag-uebung"],"author_meta":{"display_name":"Tobias","author_link":"https:\/\/feuerwehrwoerth.de\/index.php\/author\/tobias\/"},"featured_img":"https:\/\/feuerwehrwoerth.de\/wp-content\/uploads\/2024\/04\/titelbild-2-300x164.jpg","jetpack_featured_media_url":"https:\/\/feuerwehrwoerth.de\/wp-content\/uploads\/2024\/04\/titelbild-2.jpg","coauthors":[],"tax_additional":{"categories":{"linked":["<a href=\"https:\/\/feuerwehrwoerth.de\/index.php\/category\/allgemein\/\" class=\"advgb-post-tax-term\">Allgemein<\/a>","<a href=\"https:\/\/feuerwehrwoerth.de\/index.php\/category\/uebung\/\" class=\"advgb-post-tax-term\">\u00dcbung<\/a>"],"unlinked":["<span class=\"advgb-post-tax-term\">Allgemein<\/span>","<span class=\"advgb-post-tax-term\">\u00dcbung<\/span>"]},"tags":{"linked":["<a href=\"https:\/\/feuerwehrwoerth.de\/index.php\/category\/uebung\/\" class=\"advgb-post-tax-term\">\u00fcbung<\/a>"],"unlinked":["<span class=\"advgb-post-tax-term\">\u00fcbung<\/span>"]}},"comment_count":"0","relative_dates":{"created":"Posted 2\u00a0Jahren ago","modified":"Updated 2\u00a0Jahren ago"},"absolute_dates":{"created":"Posted on 20. April 2024","modified":"Updated on 20. April 2024"},"absolute_dates_time":{"created":"Posted on 20. April 2024 13:43","modified":"Updated on 20. April 2024 13:45"},"featured_img_caption":"","series_order":"","jetpack_sharing_enabled":true,"_links":{"self":[{"href":"https:\/\/feuerwehrwoerth.de\/index.php\/wp-json\/wp\/v2\/posts\/5929","targetHints":{"allow":["GET"]}}],"collection":[{"href":"https:\/\/feuerwehrwoerth.de\/index.php\/wp-json\/wp\/v2\/posts"}],"about":[{"href":"https:\/\/feuerwehrwoerth.de\/index.php\/wp-json\/wp\/v2\/types\/post"}],"author":[{"embeddable":true,"href":"https:\/\/feuerwehrwoerth.de\/index.php\/wp-json\/wp\/v2\/users\/2"}],"replies":[{"embeddable":true,"href":"https:\/\/feuerwehrwoerth.de\/index.php\/wp-json\/wp\/v2\/comments?post=5929"}],"version-history":[{"count":6,"href":"https:\/\/feuerwehrwoerth.de\/index.php\/wp-json\/wp\/v2\/posts\/5929\/revisions"}],"predecessor-version":[{"id":5947,"href":"https:\/\/feuerwehrwoerth.de\/index.php\/wp-json\/wp\/v2\/posts\/5929\/revisions\/5947"}],"wp:featuredmedia":[{"embeddable":true,"href":"https:\/\/feuerwehrwoerth.de\/index.php\/wp-json\/wp\/v2\/media\/5949"}],"wp:attachment":[{"href":"https:\/\/feuerwehrwoerth.de\/index.php\/wp-json\/wp\/v2\/media?parent=5929"}],"wp:term":[{"taxonomy":"category","embeddable":true,"href":"https:\/\/feuerwehrwoerth.de\/index.php\/wp-json\/wp\/v2\/categories?post=5929"},{"taxonomy":"post_tag","embeddable":true,"href":"https:\/\/feuerwehrwoerth.de\/index.php\/wp-json\/wp\/v2\/tags?post=5929"}],"curies":[{"name":"wp","href":"https:\/\/api.w.org\/{rel}","templated":true}]}}