{"id":6316,"date":"2024-10-13T12:10:57","date_gmt":"2024-10-13T10:10:57","guid":{"rendered":"https:\/\/feuerwehrwoerth.de\/?p=6316"},"modified":"2024-10-13T12:12:25","modified_gmt":"2024-10-13T10:12:25","slug":"lehrgang-gruppenfuehrer","status":"publish","type":"post","link":"https:\/\/feuerwehrwoerth.de\/index.php\/2024\/10\/13\/lehrgang-gruppenfuehrer\/","title":{"rendered":"Lehrgang Gruppenf\u00fchrer"},"content":{"rendered":"\n<p>Diese Woche haben unsere Einsatzkr\u00e4fte Nina und Matthias an der Landesfeuerwehr- und Katastrophenschutzakademie (LFKA) in Koblenz erfolgreich ihre Gruppenf\u00fchrerpr\u00fcfung abgelegt.<\/p>\n\n\n\n<p>Der Gruppenf\u00fchrer in der Feuerwehr befehligt die taktische Einheit \u201eGruppe\u201c, bestehend aus neun Einsatzkr\u00e4ften; dazu geh\u00f6ren Maschinist, Melder, Angriffstruppf\u00fchrer und -mann, Wassertruppf\u00fchrer und -mann sowie Schlauchtruppf\u00fchrer und -mann.<\/p>\n\n\n\n<p>Aufgaben des Gruppenf\u00fchrers<\/p>\n\n\n\n<ul class=\"wp-block-list\">\n<li>Erkundet die Lage<\/li>\n\n\n\n<li>Bestimmt die Aufgabenverteilung innerhalb der Gruppe<\/li>\n\n\n\n<li>Gibt den Einsatzauftrag \u2013 (Wasserentnahmestelle, Lage des Verteilers) Einheit, Auftrag, Mittel, Ziel und Weg<\/li>\n\n\n\n<li>Ist w\u00e4hrend des Einsatzes an keinen festen Platz gebunden<\/li>\n\n\n\n<li>Hat die F\u00fcrsorgepflicht f\u00fcr seine Gruppe<\/li>\n\n\n\n<li>Kann Eins\u00e4tze mit Personal bis zur St\u00e4rke einer Gruppe selbstst\u00e4ndig leiten<\/li>\n<\/ul>\n\n\n\n<p>Herzlichen Gl\u00fcckwunsch&nbsp;ihr&nbsp;beiden!<\/p>\n","protected":false},"excerpt":{"rendered":"<p>Diese Woche haben unsere Einsatzkr\u00e4fte Nina und Matthias an der Landesfeuerwehr- und Katastrophenschutzakademie (LFKA) in Koblenz erfolgreich ihre Gruppenf\u00fchrerpr\u00fcfung abgelegt. Der Gruppenf\u00fchrer in der Feuerwehr befehligt die taktische Einheit \u201eGruppe\u201c, bestehend aus neun Einsatzkr\u00e4ften; dazu geh\u00f6ren Maschinist, Melder, Angriffstruppf\u00fchrer und -mann, Wassertruppf\u00fchrer und -mann sowie Schlauchtruppf\u00fchrer und -mann. Aufgaben des Gruppenf\u00fchrers Herzlichen Gl\u00fcckwunsch&nbsp;ihr&nbsp;beiden!<\/p>\n","protected":false},"author":2,"featured_media":6319,"comment_status":"closed","ping_status":"open","sticky":false,"template":"","format":"standard","meta":{"advgb_blocks_editor_width":"","advgb_blocks_columns_visual_guide":"","ngg_post_thumbnail":0,"_jetpack_memberships_contains_paid_content":false,"footnotes":""},"categories":[1,39],"tags":[105],"class_list":["post-6316","post","type-post","status-publish","format-standard","has-post-thumbnail","hentry","category-allgemein","category-ausbildung","tag-ausbildung"],"author_meta":{"display_name":"Tobias","author_link":"https:\/\/feuerwehrwoerth.de\/index.php\/author\/tobias\/"},"featured_img":"https:\/\/feuerwehrwoerth.de\/wp-content\/uploads\/2024\/10\/WhatsApp-Bild-2024-10-11-um-13.10.39_d772cb35-1-300x164.jpg","jetpack_featured_media_url":"https:\/\/feuerwehrwoerth.de\/wp-content\/uploads\/2024\/10\/WhatsApp-Bild-2024-10-11-um-13.10.39_d772cb35-1.jpg","coauthors":[],"tax_additional":{"categories":{"linked":["<a href=\"https:\/\/feuerwehrwoerth.de\/index.php\/category\/allgemein\/\" class=\"advgb-post-tax-term\">Allgemein<\/a>","<a href=\"https:\/\/feuerwehrwoerth.de\/index.php\/category\/ausbildung\/\" class=\"advgb-post-tax-term\">Ausbildung<\/a>"],"unlinked":["<span class=\"advgb-post-tax-term\">Allgemein<\/span>","<span class=\"advgb-post-tax-term\">Ausbildung<\/span>"]},"tags":{"linked":["<a href=\"https:\/\/feuerwehrwoerth.de\/index.php\/category\/ausbildung\/\" class=\"advgb-post-tax-term\">ausbildung<\/a>"],"unlinked":["<span class=\"advgb-post-tax-term\">ausbildung<\/span>"]}},"comment_count":"0","relative_dates":{"created":"Posted 2\u00a0Jahren ago","modified":"Updated 2\u00a0Jahren ago"},"absolute_dates":{"created":"Posted on 13. Oktober 2024","modified":"Updated on 13. Oktober 2024"},"absolute_dates_time":{"created":"Posted on 13. Oktober 2024 12:10","modified":"Updated on 13. Oktober 2024 12:12"},"featured_img_caption":"","series_order":"","jetpack_sharing_enabled":true,"_links":{"self":[{"href":"https:\/\/feuerwehrwoerth.de\/index.php\/wp-json\/wp\/v2\/posts\/6316","targetHints":{"allow":["GET"]}}],"collection":[{"href":"https:\/\/feuerwehrwoerth.de\/index.php\/wp-json\/wp\/v2\/posts"}],"about":[{"href":"https:\/\/feuerwehrwoerth.de\/index.php\/wp-json\/wp\/v2\/types\/post"}],"author":[{"embeddable":true,"href":"https:\/\/feuerwehrwoerth.de\/index.php\/wp-json\/wp\/v2\/users\/2"}],"replies":[{"embeddable":true,"href":"https:\/\/feuerwehrwoerth.de\/index.php\/wp-json\/wp\/v2\/comments?post=6316"}],"version-history":[{"count":2,"href":"https:\/\/feuerwehrwoerth.de\/index.php\/wp-json\/wp\/v2\/posts\/6316\/revisions"}],"predecessor-version":[{"id":6320,"href":"https:\/\/feuerwehrwoerth.de\/index.php\/wp-json\/wp\/v2\/posts\/6316\/revisions\/6320"}],"wp:featuredmedia":[{"embeddable":true,"href":"https:\/\/feuerwehrwoerth.de\/index.php\/wp-json\/wp\/v2\/media\/6319"}],"wp:attachment":[{"href":"https:\/\/feuerwehrwoerth.de\/index.php\/wp-json\/wp\/v2\/media?parent=6316"}],"wp:term":[{"taxonomy":"category","embeddable":true,"href":"https:\/\/feuerwehrwoerth.de\/index.php\/wp-json\/wp\/v2\/categories?post=6316"},{"taxonomy":"post_tag","embeddable":true,"href":"https:\/\/feuerwehrwoerth.de\/index.php\/wp-json\/wp\/v2\/tags?post=6316"}],"curies":[{"name":"wp","href":"https:\/\/api.w.org\/{rel}","templated":true}]}}