{"id":6466,"date":"2024-12-29T17:00:13","date_gmt":"2024-12-29T16:00:13","guid":{"rendered":"https:\/\/feuerwehrwoerth.de\/?p=6466"},"modified":"2024-12-29T17:11:08","modified_gmt":"2024-12-29T16:11:08","slug":"erste-einweisung-in-neues-einsatzfahrzeug","status":"publish","type":"post","link":"https:\/\/feuerwehrwoerth.de\/index.php\/2024\/12\/29\/erste-einweisung-in-neues-einsatzfahrzeug\/","title":{"rendered":"Erste Einweisung in neues Einsatzfahrzeug"},"content":{"rendered":"\n<p>Diese Woche fand die erste Einweisung in unser neues Einsatzfahrzeug statt: Der Einsatzleitwagen 1 Katastrophenschutz (ELW 1-KatS) des Landkreises, welcher bei uns in W\u00f6rth stationiert ist. Ein zweites, baugleiches Fahrzeug wird bei den Kameraden in Lingenfeld betreut.<\/p>\n\n\n\n<p>Diese neuen Fahrzeuge bieten innerhalb des Katastrophenschutzes des Landkreises Germersheim eine Erg\u00e4nzung zu den bestehenden F\u00fchrungsmitteln. Durch ihre flexible Einsetzbarkeit eignen sie sich ausgezeichnet zur Unterst\u00fctzung bei Gro\u00dfschadenslagen wie Br\u00e4nden oder Hochwasser, zur Bildung von Abschnittsleitungen oder als Ausfallsicherung bei Paralleleins\u00e4tzen.<\/p>\n\n\n\n<p>Damit solche Einsatzmittel optimal genutzt werden k\u00f6nnen, ist eine entsprechende Ausbildung der Einsatzkr\u00e4fte notwendig. Mit dieser wurde nun bei uns in W\u00f6rth begonnen. In den n\u00e4chsten Wochen wird es verst\u00e4rkt zu solchen Ausbildungs- und \u00dcbungseinheiten kommen, so dass unser Personal bestm\u00f6glich auf den Ernstfall vorbereitet sein wird.<\/p>\n\n\n\nngg_shortcode_0_placeholder\n","protected":false},"excerpt":{"rendered":"<p>Diese Woche fand die erste Einweisung in unser neues Einsatzfahrzeug statt: Der Einsatzleitwagen 1 Katastrophenschutz (ELW 1-KatS) des Landkreises, welcher bei uns in W\u00f6rth stationiert ist. Ein zweites, baugleiches Fahrzeug wird bei den Kameraden in Lingenfeld betreut. Diese neuen Fahrzeuge bieten innerhalb des Katastrophenschutzes des Landkreises Germersheim eine Erg\u00e4nzung zu den bestehenden F\u00fchrungsmitteln. Durch ihre [&hellip;]<\/p>\n","protected":false},"author":2,"featured_media":6474,"comment_status":"closed","ping_status":"open","sticky":false,"template":"","format":"standard","meta":{"advgb_blocks_editor_width":"","advgb_blocks_columns_visual_guide":"","ngg_post_thumbnail":0,"_jetpack_memberships_contains_paid_content":false,"footnotes":""},"categories":[1,39],"tags":[105,184],"class_list":["post-6466","post","type-post","status-publish","format-standard","has-post-thumbnail","hentry","category-allgemein","category-ausbildung","tag-ausbildung","tag-elw"],"author_meta":{"display_name":"Tobias","author_link":"https:\/\/feuerwehrwoerth.de\/index.php\/author\/tobias\/"},"featured_img":"https:\/\/feuerwehrwoerth.de\/wp-content\/uploads\/2024\/12\/WhatsApp-Image-2024-12-29-at-17.02.51_titel-300x164.jpeg","jetpack_featured_media_url":"https:\/\/feuerwehrwoerth.de\/wp-content\/uploads\/2024\/12\/WhatsApp-Image-2024-12-29-at-17.02.51_titel.jpeg","coauthors":[],"tax_additional":{"categories":{"linked":["<a href=\"https:\/\/feuerwehrwoerth.de\/index.php\/category\/allgemein\/\" class=\"advgb-post-tax-term\">Allgemein<\/a>","<a href=\"https:\/\/feuerwehrwoerth.de\/index.php\/category\/ausbildung\/\" class=\"advgb-post-tax-term\">Ausbildung<\/a>"],"unlinked":["<span class=\"advgb-post-tax-term\">Allgemein<\/span>","<span class=\"advgb-post-tax-term\">Ausbildung<\/span>"]},"tags":{"linked":["<a href=\"https:\/\/feuerwehrwoerth.de\/index.php\/category\/ausbildung\/\" class=\"advgb-post-tax-term\">ausbildung<\/a>","<a href=\"https:\/\/feuerwehrwoerth.de\/index.php\/category\/ausbildung\/\" class=\"advgb-post-tax-term\">elw<\/a>"],"unlinked":["<span class=\"advgb-post-tax-term\">ausbildung<\/span>","<span class=\"advgb-post-tax-term\">elw<\/span>"]}},"comment_count":"0","relative_dates":{"created":"Posted 1\u00a0Jahr ago","modified":"Updated 1\u00a0Jahr ago"},"absolute_dates":{"created":"Posted on 29. Dezember 2024","modified":"Updated on 29. Dezember 2024"},"absolute_dates_time":{"created":"Posted on 29. Dezember 2024 17:00","modified":"Updated on 29. Dezember 2024 17:11"},"featured_img_caption":"","series_order":"","jetpack_sharing_enabled":true,"_links":{"self":[{"href":"https:\/\/feuerwehrwoerth.de\/index.php\/wp-json\/wp\/v2\/posts\/6466","targetHints":{"allow":["GET"]}}],"collection":[{"href":"https:\/\/feuerwehrwoerth.de\/index.php\/wp-json\/wp\/v2\/posts"}],"about":[{"href":"https:\/\/feuerwehrwoerth.de\/index.php\/wp-json\/wp\/v2\/types\/post"}],"author":[{"embeddable":true,"href":"https:\/\/feuerwehrwoerth.de\/index.php\/wp-json\/wp\/v2\/users\/2"}],"replies":[{"embeddable":true,"href":"https:\/\/feuerwehrwoerth.de\/index.php\/wp-json\/wp\/v2\/comments?post=6466"}],"version-history":[{"count":3,"href":"https:\/\/feuerwehrwoerth.de\/index.php\/wp-json\/wp\/v2\/posts\/6466\/revisions"}],"predecessor-version":[{"id":6478,"href":"https:\/\/feuerwehrwoerth.de\/index.php\/wp-json\/wp\/v2\/posts\/6466\/revisions\/6478"}],"wp:featuredmedia":[{"embeddable":true,"href":"https:\/\/feuerwehrwoerth.de\/index.php\/wp-json\/wp\/v2\/media\/6474"}],"wp:attachment":[{"href":"https:\/\/feuerwehrwoerth.de\/index.php\/wp-json\/wp\/v2\/media?parent=6466"}],"wp:term":[{"taxonomy":"category","embeddable":true,"href":"https:\/\/feuerwehrwoerth.de\/index.php\/wp-json\/wp\/v2\/categories?post=6466"},{"taxonomy":"post_tag","embeddable":true,"href":"https:\/\/feuerwehrwoerth.de\/index.php\/wp-json\/wp\/v2\/tags?post=6466"}],"curies":[{"name":"wp","href":"https:\/\/api.w.org\/{rel}","templated":true}]}}