{"id":6598,"date":"2025-01-31T00:08:41","date_gmt":"2025-01-30T23:08:41","guid":{"rendered":"https:\/\/feuerwehrwoerth.de\/?p=6598"},"modified":"2025-01-31T00:08:43","modified_gmt":"2025-01-30T23:08:43","slug":"jahreshauptversammlung-2024","status":"publish","type":"post","link":"https:\/\/feuerwehrwoerth.de\/index.php\/2025\/01\/31\/jahreshauptversammlung-2024\/","title":{"rendered":"Jahreshauptversammlung 2024"},"content":{"rendered":"\n<p>Am Samstag, den 25. Januar 2025, fand im Ger\u00e4tehaus der Freiwilligen Feuerwehr W\u00f6rth am Rhein die Jahreshauptversammlung f\u00fcr das Berichtsjahr 2024 statt.<\/p>\n\n\n\n<p>Wehrf\u00fchrer Alexander Mieger begr\u00fc\u00dfte die anwesenden Kameraden, die Wehrleitung vertreten durch J\u00fcrgen Stephany sowie den Beigeordneten der Stadt W\u00f6rth am Rhein, J\u00fcrgen Weber. Besonders begr\u00fc\u00dfte er, dass auch sehr viele Mitglieder der Kameradschaftlichen Vereinigung, die keinen aktiven Feuerwehrdienst mehr leisten, durch ihre Anwesenheit ihre Verbundenheit zum Ausdruck brachten. In seinem Jahresbericht als Wehrf\u00fchrer berichtete er \u00fcber den Dienstbetrieb, die Ereignisse und Entwicklungen des Berichtsjahrs 2024.<\/p>\n\n\n\n<p>Mit insgesamt 219 Eins\u00e4tzen ist eine fortw\u00e4hrende Steigerung von Jahr zu Jahr festzustellen. Besonders das Hochwasser an Pfingsten stellte Alexander Mieger in den Vordergrund. Dieser Einsatz in der Form und Dauer ist f\u00fcr die gesamte W\u00f6rther Wehr eine Herausforderung gewesen. Insgesamt mussten f\u00fcr Eins\u00e4tze 4.020 Stunden aufgewendet werden. Dazu kamen 1.839 Stunden f\u00fcr die notwendige Ausbildung und \u00dcbungen. Zusammen also 5859 Stunden. Dies ergibt umgerechnet ca. 67 % der Stunden eines Jahres, die von den Feuerwehrangeh\u00f6rigen ehrenamtlich zum Wohle der Allgemeinheit geleistet wurden. Das bedeutet, dass theoretisch an jedem Kalendertag ca. 15 Stunden ehrenamtliche Arbeit durch Feuerwehrangeh\u00f6rige verrichtet wurde.<\/p>\n\n\n\n<p>Die Personalst\u00e4rke ver\u00e4nderte sich zum Vorjahr von 54 auf 48 aktive Feuerwehrangeh\u00f6rige.<br>Neu verpflichtet wurden die Kameraden Tabian Aykut, Julius Heeder und Anton Schwardorf.<\/p>\n\n\n\n<p>Die Jugendfeuerwehr ist mit aktuell 22 Jugendlichen sehr gut aufgestellt, so aus dem Bericht des Jugendwartes Michael Simon.<\/p>\n\n\n\n<p>Von der Kameradschaftlichen Vereinigung wurden folgende Kameraden geehrt:<\/p>\n\n\n\n<p>Kai Guldenschuh f\u00fcr 25 Jahre<br>Manfred Dantes f\u00fcr 30 Jahre<br>Kurt Schlo\u00df f\u00fcr 55 Jahre<br>Klaus Bernd Gei\u00dfler f\u00fcr 60 Jahre<\/p>\n\n\n\n<p>Zum Abschluss appellierte Wehrf\u00fchrer Mieger noch an die aktiven Kameraden der Einsatzabteilung wie wichtig die regelm\u00e4\u00dfigen \u00dcbungen seien und, dass die W\u00f6rther Wehr als St\u00fctzpunktwehr auch eine gro\u00dfe Verantwortung gegen\u00fcber den B\u00fcrgern trage. Auch im Bereich der Mitgliedergewinnung m\u00fcsse mehr getan werden.<\/p>\n\n\n\n<p>Bei den Neuwahlen des Verwaltungsrates wurde Ivonne Hartmann als Kassierin gew\u00e4hlt. Philipp Niederer wurde als Schriftf\u00fchrer gew\u00e4hlt. Als Beisitzer wurden Christian Baumann, Paul Felde, Lucas Offenbacher, Nico Pfirrmann, Matthias Stirm sowie Nina Weber gew\u00e4hlt. Als Kassenpr\u00fcfer wurden die langj\u00e4hrigen Amtsinhaber G\u00fcnter Vogel und J\u00fcrgen Weber wiedergew\u00e4hlt. Ausgeschieden aus dem Verwaltungsrat sind Kai Guldenschuh, Martin Sulzer und Thorsten Benneter. Wir danken ihnen f\u00fcr ihre langj\u00e4hrige Arbeit!<\/p>\n\n\n\nngg_shortcode_0_placeholder\n","protected":false},"excerpt":{"rendered":"<p>Am Samstag, den 25. Januar 2025, fand im Ger\u00e4tehaus der Freiwilligen Feuerwehr W\u00f6rth am Rhein die Jahreshauptversammlung f\u00fcr das Berichtsjahr 2024 statt. Wehrf\u00fchrer Alexander Mieger begr\u00fc\u00dfte die anwesenden Kameraden, die Wehrleitung vertreten durch J\u00fcrgen Stephany sowie den Beigeordneten der Stadt W\u00f6rth am Rhein, J\u00fcrgen Weber. Besonders begr\u00fc\u00dfte er, dass auch sehr viele Mitglieder der Kameradschaftlichen [&hellip;]<\/p>\n","protected":false},"author":1,"featured_media":6600,"comment_status":"closed","ping_status":"open","sticky":false,"template":"","format":"standard","meta":{"advgb_blocks_editor_width":"","advgb_blocks_columns_visual_guide":"","ngg_post_thumbnail":0,"_jetpack_memberships_contains_paid_content":false,"footnotes":""},"categories":[1],"tags":[185],"class_list":["post-6598","post","type-post","status-publish","format-standard","has-post-thumbnail","hentry","category-allgemein","tag-ehrung"],"author_meta":{"display_name":"Christian","author_link":"https:\/\/feuerwehrwoerth.de\/index.php\/author\/chris\/"},"featured_img":"https:\/\/feuerwehrwoerth.de\/wp-content\/uploads\/2025\/01\/jahreshauptversammlung_artikelbild-300x164.jpeg","jetpack_featured_media_url":"https:\/\/feuerwehrwoerth.de\/wp-content\/uploads\/2025\/01\/jahreshauptversammlung_artikelbild.jpeg","coauthors":[],"tax_additional":{"categories":{"linked":["<a href=\"https:\/\/feuerwehrwoerth.de\/index.php\/category\/allgemein\/\" class=\"advgb-post-tax-term\">Allgemein<\/a>"],"unlinked":["<span class=\"advgb-post-tax-term\">Allgemein<\/span>"]},"tags":{"linked":["<a href=\"https:\/\/feuerwehrwoerth.de\/index.php\/category\/allgemein\/\" class=\"advgb-post-tax-term\">ehrung<\/a>"],"unlinked":["<span class=\"advgb-post-tax-term\">ehrung<\/span>"]}},"comment_count":"0","relative_dates":{"created":"Posted 1\u00a0Jahr ago","modified":"Updated 1\u00a0Jahr ago"},"absolute_dates":{"created":"Posted on 31. Januar 2025","modified":"Updated on 31. Januar 2025"},"absolute_dates_time":{"created":"Posted on 31. Januar 2025 0:08","modified":"Updated on 31. Januar 2025 0:08"},"featured_img_caption":"","series_order":"","jetpack_sharing_enabled":true,"_links":{"self":[{"href":"https:\/\/feuerwehrwoerth.de\/index.php\/wp-json\/wp\/v2\/posts\/6598","targetHints":{"allow":["GET"]}}],"collection":[{"href":"https:\/\/feuerwehrwoerth.de\/index.php\/wp-json\/wp\/v2\/posts"}],"about":[{"href":"https:\/\/feuerwehrwoerth.de\/index.php\/wp-json\/wp\/v2\/types\/post"}],"author":[{"embeddable":true,"href":"https:\/\/feuerwehrwoerth.de\/index.php\/wp-json\/wp\/v2\/users\/1"}],"replies":[{"embeddable":true,"href":"https:\/\/feuerwehrwoerth.de\/index.php\/wp-json\/wp\/v2\/comments?post=6598"}],"version-history":[{"count":4,"href":"https:\/\/feuerwehrwoerth.de\/index.php\/wp-json\/wp\/v2\/posts\/6598\/revisions"}],"predecessor-version":[{"id":6611,"href":"https:\/\/feuerwehrwoerth.de\/index.php\/wp-json\/wp\/v2\/posts\/6598\/revisions\/6611"}],"wp:featuredmedia":[{"embeddable":true,"href":"https:\/\/feuerwehrwoerth.de\/index.php\/wp-json\/wp\/v2\/media\/6600"}],"wp:attachment":[{"href":"https:\/\/feuerwehrwoerth.de\/index.php\/wp-json\/wp\/v2\/media?parent=6598"}],"wp:term":[{"taxonomy":"category","embeddable":true,"href":"https:\/\/feuerwehrwoerth.de\/index.php\/wp-json\/wp\/v2\/categories?post=6598"},{"taxonomy":"post_tag","embeddable":true,"href":"https:\/\/feuerwehrwoerth.de\/index.php\/wp-json\/wp\/v2\/tags?post=6598"}],"curies":[{"name":"wp","href":"https:\/\/api.w.org\/{rel}","templated":true}]}}