{"id":6726,"date":"2025-03-15T19:02:58","date_gmt":"2025-03-15T18:02:58","guid":{"rendered":"https:\/\/feuerwehrwoerth.de\/?p=6726"},"modified":"2025-03-15T19:02:58","modified_gmt":"2025-03-15T18:02:58","slug":"einsatzuebung-in-der-ottstrasse","status":"publish","type":"post","link":"https:\/\/feuerwehrwoerth.de\/index.php\/2025\/03\/15\/einsatzuebung-in-der-ottstrasse\/","title":{"rendered":"Einsatz\u00fcbung in der Ottstra\u00dfe"},"content":{"rendered":"\n<p>Heute fand im Bereich der Ottstra\u00dfe die angek\u00fcndigte Alarm- und Einsatz\u00fcbung statt. Diese wurde gemeinsam mit unseren Kameraden aus Maximiliansau durchgef\u00fchrt. Angenommen wurde ein Zimmerbrand in einem Einfamilienhaus; Mehrere Personen wurden als vermisst gemeldet.<\/p>\n\n\n\n<p>Bereits kurz nach dem Eintreffen an der Einsatzstelle wurde das Alarmstichwort durch den Einsatzleiter auf &#8222;Geb\u00e4udebrand&#8220; erh\u00f6ht. Unter m\u00f6glichst realistischen Bedingungen mussten acht Personen durch Atemschutztrupps bzw. \u00fcber verschiedene Leitern aus dem Geb\u00e4ude gerettet werden. Erstmals kam auch der neue ELW 1 des Landkreises zur Einsatzkoordination zum Einsatz. Auch unser Drohnen-Einsatzteam unterst\u00fctzte bei der Erkundung aus der Luft.<\/p>\n\n\n\n<p>Zahlreiche Zuschauer konnten sich vor Ort ein Bild \u00fcber unsere Arbeit machen und dabei Feuerwehr hautnah erleben.<\/p>\n\n\n\n<p>Wir als freiwillige Feuerwehr brauchen Dich!<\/p>\n\n\n\n<p>Ohne ehrenamtliche Einsatzkr\u00e4fte ist das beste Einsatzmittel nutzlos. Wenn Du Interesse hast Teil eines starken Teams zu werden, dann komm doch mal vorbei oder schreibe uns eine Nachricht. Wir freuen uns Dich kennen zu lernen!<\/p>\n\n\n\nngg_shortcode_0_placeholder\n","protected":false},"excerpt":{"rendered":"<p>Heute fand im Bereich der Ottstra\u00dfe die angek\u00fcndigte Alarm- und Einsatz\u00fcbung statt. Diese wurde gemeinsam mit unseren Kameraden aus Maximiliansau durchgef\u00fchrt. Angenommen wurde ein Zimmerbrand in einem Einfamilienhaus; Mehrere Personen wurden als vermisst gemeldet. Bereits kurz nach dem Eintreffen an der Einsatzstelle wurde das Alarmstichwort durch den Einsatzleiter auf &#8222;Geb\u00e4udebrand&#8220; erh\u00f6ht. Unter m\u00f6glichst realistischen Bedingungen [&hellip;]<\/p>\n","protected":false},"author":2,"featured_media":6728,"comment_status":"closed","ping_status":"open","sticky":false,"template":"","format":"standard","meta":{"advgb_blocks_editor_width":"","advgb_blocks_columns_visual_guide":"","ngg_post_thumbnail":0,"_jetpack_memberships_contains_paid_content":false,"footnotes":""},"categories":[1,41],"tags":[105],"class_list":["post-6726","post","type-post","status-publish","format-standard","has-post-thumbnail","hentry","category-allgemein","category-uebung","tag-ausbildung"],"author_meta":{"display_name":"Tobias","author_link":"https:\/\/feuerwehrwoerth.de\/index.php\/author\/tobias\/"},"featured_img":"https:\/\/feuerwehrwoerth.de\/wp-content\/uploads\/2025\/03\/titel_WhatsApp-Image-2025-03-14-at-21.35.14-3-300x164.jpeg","jetpack_featured_media_url":"https:\/\/feuerwehrwoerth.de\/wp-content\/uploads\/2025\/03\/titel_WhatsApp-Image-2025-03-14-at-21.35.14-3.jpeg","coauthors":[],"tax_additional":{"categories":{"linked":["<a href=\"https:\/\/feuerwehrwoerth.de\/index.php\/category\/allgemein\/\" class=\"advgb-post-tax-term\">Allgemein<\/a>","<a href=\"https:\/\/feuerwehrwoerth.de\/index.php\/category\/uebung\/\" class=\"advgb-post-tax-term\">\u00dcbung<\/a>"],"unlinked":["<span class=\"advgb-post-tax-term\">Allgemein<\/span>","<span class=\"advgb-post-tax-term\">\u00dcbung<\/span>"]},"tags":{"linked":["<a href=\"https:\/\/feuerwehrwoerth.de\/index.php\/category\/uebung\/\" class=\"advgb-post-tax-term\">ausbildung<\/a>"],"unlinked":["<span class=\"advgb-post-tax-term\">ausbildung<\/span>"]}},"comment_count":"0","relative_dates":{"created":"Posted 1\u00a0Jahr ago","modified":"Updated 1\u00a0Jahr ago"},"absolute_dates":{"created":"Posted on 15. M\u00e4rz 2025","modified":"Updated on 15. M\u00e4rz 2025"},"absolute_dates_time":{"created":"Posted on 15. M\u00e4rz 2025 19:02","modified":"Updated on 15. M\u00e4rz 2025 19:02"},"featured_img_caption":"","series_order":"","jetpack_sharing_enabled":true,"_links":{"self":[{"href":"https:\/\/feuerwehrwoerth.de\/index.php\/wp-json\/wp\/v2\/posts\/6726","targetHints":{"allow":["GET"]}}],"collection":[{"href":"https:\/\/feuerwehrwoerth.de\/index.php\/wp-json\/wp\/v2\/posts"}],"about":[{"href":"https:\/\/feuerwehrwoerth.de\/index.php\/wp-json\/wp\/v2\/types\/post"}],"author":[{"embeddable":true,"href":"https:\/\/feuerwehrwoerth.de\/index.php\/wp-json\/wp\/v2\/users\/2"}],"replies":[{"embeddable":true,"href":"https:\/\/feuerwehrwoerth.de\/index.php\/wp-json\/wp\/v2\/comments?post=6726"}],"version-history":[{"count":3,"href":"https:\/\/feuerwehrwoerth.de\/index.php\/wp-json\/wp\/v2\/posts\/6726\/revisions"}],"predecessor-version":[{"id":6765,"href":"https:\/\/feuerwehrwoerth.de\/index.php\/wp-json\/wp\/v2\/posts\/6726\/revisions\/6765"}],"wp:featuredmedia":[{"embeddable":true,"href":"https:\/\/feuerwehrwoerth.de\/index.php\/wp-json\/wp\/v2\/media\/6728"}],"wp:attachment":[{"href":"https:\/\/feuerwehrwoerth.de\/index.php\/wp-json\/wp\/v2\/media?parent=6726"}],"wp:term":[{"taxonomy":"category","embeddable":true,"href":"https:\/\/feuerwehrwoerth.de\/index.php\/wp-json\/wp\/v2\/categories?post=6726"},{"taxonomy":"post_tag","embeddable":true,"href":"https:\/\/feuerwehrwoerth.de\/index.php\/wp-json\/wp\/v2\/tags?post=6726"}],"curies":[{"name":"wp","href":"https:\/\/api.w.org\/{rel}","templated":true}]}}