{"id":7081,"date":"2025-04-05T15:11:25","date_gmt":"2025-04-05T13:11:25","guid":{"rendered":"https:\/\/feuerwehrwoerth.de\/?p=7081"},"modified":"2025-04-05T15:11:26","modified_gmt":"2025-04-05T13:11:26","slug":"ehrungsabend-der-feuerwehr-woerth-am-rhein","status":"publish","type":"post","link":"https:\/\/feuerwehrwoerth.de\/index.php\/2025\/04\/05\/ehrungsabend-der-feuerwehr-woerth-am-rhein\/","title":{"rendered":"Ehrungsabend der Feuerwehr W\u00f6rth am Rhein"},"content":{"rendered":"\n<p>Am gestrigen Abend fand bei der Feuerwehr W\u00f6rth am Rhein der diesj\u00e4hrige Ehrungsabend statt. In feierlichem Rahmen wurden zahlreiche Kameradinnen und Kameraden f\u00fcr ihr langj\u00e4hriges Engagement, ihre Verdienste sowie f\u00fcr neue Funktionen und Bef\u00f6rderungen geehrt. Im Rahmen dieses besonderen Abends wurde der neue Einsatzleitwagens (ELW1) des Landkreises Germersheim an die Feuerwehr W\u00f6rth am Rhein offiziell \u00fcbergeben \u2013 ein wichtiger Schritt zur weiteren St\u00e4rkung unserer Einsatzf\u00e4higkeit.<\/p>\n\n\n\n<p>Neben den Wehrf\u00fchrern und ihren Stellvertretern durften wir auch zahlreiche Ehreng\u00e4ste begr\u00fc\u00dfen: Landrat Martin Brandl, Brand- und Katastrophenschutzinspekteur Christian Betzel, B\u00fcrgermeister Steffen Wei\u00df, unser Wehrleiter J\u00fcrgen Stephany sowie sein Stellvertreter Rainer B\u00f6ser.<\/p>\n\n\n\n<p><strong>Geehrt f\u00fcr ihre ehrenamtliche T\u00e4tigkeit wurden:<\/strong><\/p>\n\n\n\n<ul class=\"wp-block-list\">\n<li>J\u00fcrgen Weber f\u00fcr 45 Jahre<\/li>\n\n\n\n<li>Kai Guldenschuh f\u00fcr 25 Jahre<\/li>\n\n\n\n<li>Paul K\u00f6nig (in Abwesenheit) f\u00fcr 20 Jahre<\/li>\n\n\n\n<li>Nina Weber f\u00fcr 15 Jahre<\/li>\n<\/ul>\n\n\n\n<p><strong>Verleihung von Ehrenzeichen durch Landrat Martin Brandl:<\/strong><\/p>\n\n\n\n<ul class=\"wp-block-list\">\n<li>Goldenes Ehrenzeichen: J\u00fcrgen Weber<\/li>\n\n\n\n<li>Silbernes Ehrenzeichen: Kai Guldenschuh<\/li>\n\n\n\n<li>Bronzene Ehrenzeichen: Nina Weber<\/li>\n<\/ul>\n\n\n\n<p><strong>Bef\u00f6rderungen:<\/strong><\/p>\n\n\n\n<ul class=\"wp-block-list\">\n<li><strong>Zum Feuerwehrmann \/ Truppmann:<\/strong> Patrick Voigt<\/li>\n\n\n\n<li><strong>Zum Oberfeuerwehrmann \/ Truppf\u00fchrer:<\/strong> Samuel Becker, Sebastian Brunsch (in Abwesenheit), Christopher Metz<\/li>\n\n\n\n<li><strong>Zum L\u00f6schmeister:<\/strong> Christian Baumann<\/li>\n\n\n\n<li><strong>Zum Brandmeister und Bestellung zum Gruppenf\u00fchrer:<\/strong> Nina Weber, Matthias L\u00fcpertz (in Abwesenheit)<\/li>\n\n\n\n<li><strong>Zum Oberbrandmeister und Bestellung zum Zugf\u00fchrer:<\/strong> Phillip Niederer<\/li>\n<\/ul>\n\n\n\n<p><strong>Ehrungen unserer Alterskameraden:<\/strong><\/p>\n\n\n\n<p>Auch unsere langj\u00e4hrigen Alterskameraden wurden durch ein Pr\u00e4sent der Stadt f\u00fcr ihre Treue zur Feuerwehr ausgezeichnet:<\/p>\n\n\n\n<ul class=\"wp-block-list\">\n<li>Manfred Dantes \u2013 30 Jahre<\/li>\n\n\n\n<li>Kurt Schloss \u2013 55 Jahre<\/li>\n\n\n\n<li>Klaus-Bernd Geissler \u2013 60 Jahre<\/li>\n<\/ul>\n\n\n\n<p>Wir bedanken uns herzlich bei allen geehrten, bef\u00f6rderten und bestellten Kameradinnen und Kameraden f\u00fcr ihr herausragendes Engagement, ihre langj\u00e4hrige Treue und ihren unerm\u00fcdlichen Einsatz zum Wohle der Allgemeinheit!<\/p>\n\n\n\n<p><strong>Mitmachen statt zusehen!<\/strong><\/p>\n\n\n\n<p>Du m\u00f6chtest Teil eines starken Teams sein, dich f\u00fcr deine Mitmenschen einsetzen und spannende Technik erleben? Dann komm zur Freiwilligen Feuerwehr W\u00f6rth am Rhein \u2013 wir freuen uns auf dich!<\/p>\n\n\n\n<p>\ud83d\udc49 Jetzt informieren und <a href=\"https:\/\/feuerwehrwoerth.de\/index.php\/mitmachen\/\" data-type=\"page\" data-id=\"107\">mitmachen<\/a>!<\/p>\n\n\n\nngg_shortcode_0_placeholder\n","protected":false},"excerpt":{"rendered":"<p>Am gestrigen Abend fand bei der Feuerwehr W\u00f6rth am Rhein der diesj\u00e4hrige Ehrungsabend statt. In feierlichem Rahmen wurden zahlreiche Kameradinnen und Kameraden f\u00fcr ihr langj\u00e4hriges Engagement, ihre Verdienste sowie f\u00fcr neue Funktionen und Bef\u00f6rderungen geehrt. Im Rahmen dieses besonderen Abends wurde der neue Einsatzleitwagens (ELW1) des Landkreises Germersheim an die Feuerwehr W\u00f6rth am Rhein offiziell [&hellip;]<\/p>\n","protected":false},"author":1,"featured_media":7108,"comment_status":"closed","ping_status":"open","sticky":false,"template":"","format":"standard","meta":{"advgb_blocks_editor_width":"","advgb_blocks_columns_visual_guide":"","ngg_post_thumbnail":0,"_jetpack_memberships_contains_paid_content":false,"footnotes":""},"categories":[1],"tags":[192,185,190,191],"class_list":["post-7081","post","type-post","status-publish","format-standard","has-post-thumbnail","hentry","category-allgemein","tag-elw1","tag-ehrung","tag-befoerderung","tag-ehrungsabend"],"author_meta":{"display_name":"Christian","author_link":"https:\/\/feuerwehrwoerth.de\/index.php\/author\/chris\/"},"featured_img":"https:\/\/feuerwehrwoerth.de\/wp-content\/uploads\/2025\/04\/2025-04-04_ehrungsabend_artikelbild-300x164.jpg","jetpack_featured_media_url":"https:\/\/feuerwehrwoerth.de\/wp-content\/uploads\/2025\/04\/2025-04-04_ehrungsabend_artikelbild.jpg","coauthors":[],"tax_additional":{"categories":{"linked":["<a href=\"https:\/\/feuerwehrwoerth.de\/index.php\/category\/allgemein\/\" class=\"advgb-post-tax-term\">Allgemein<\/a>"],"unlinked":["<span class=\"advgb-post-tax-term\">Allgemein<\/span>"]},"tags":{"linked":["<a href=\"https:\/\/feuerwehrwoerth.de\/index.php\/category\/allgemein\/\" class=\"advgb-post-tax-term\">elw1<\/a>","<a href=\"https:\/\/feuerwehrwoerth.de\/index.php\/category\/allgemein\/\" class=\"advgb-post-tax-term\">ehrung<\/a>","<a href=\"https:\/\/feuerwehrwoerth.de\/index.php\/category\/allgemein\/\" class=\"advgb-post-tax-term\">bef\u00f6rderung<\/a>","<a href=\"https:\/\/feuerwehrwoerth.de\/index.php\/category\/allgemein\/\" class=\"advgb-post-tax-term\">ehrungsabend<\/a>"],"unlinked":["<span class=\"advgb-post-tax-term\">elw1<\/span>","<span class=\"advgb-post-tax-term\">ehrung<\/span>","<span class=\"advgb-post-tax-term\">bef\u00f6rderung<\/span>","<span class=\"advgb-post-tax-term\">ehrungsabend<\/span>"]}},"comment_count":"0","relative_dates":{"created":"Posted 1\u00a0Jahr ago","modified":"Updated 1\u00a0Jahr ago"},"absolute_dates":{"created":"Posted on 5. April 2025","modified":"Updated on 5. April 2025"},"absolute_dates_time":{"created":"Posted on 5. April 2025 15:11","modified":"Updated on 5. April 2025 15:11"},"featured_img_caption":"","series_order":"","jetpack_sharing_enabled":true,"_links":{"self":[{"href":"https:\/\/feuerwehrwoerth.de\/index.php\/wp-json\/wp\/v2\/posts\/7081","targetHints":{"allow":["GET"]}}],"collection":[{"href":"https:\/\/feuerwehrwoerth.de\/index.php\/wp-json\/wp\/v2\/posts"}],"about":[{"href":"https:\/\/feuerwehrwoerth.de\/index.php\/wp-json\/wp\/v2\/types\/post"}],"author":[{"embeddable":true,"href":"https:\/\/feuerwehrwoerth.de\/index.php\/wp-json\/wp\/v2\/users\/1"}],"replies":[{"embeddable":true,"href":"https:\/\/feuerwehrwoerth.de\/index.php\/wp-json\/wp\/v2\/comments?post=7081"}],"version-history":[{"count":3,"href":"https:\/\/feuerwehrwoerth.de\/index.php\/wp-json\/wp\/v2\/posts\/7081\/revisions"}],"predecessor-version":[{"id":7107,"href":"https:\/\/feuerwehrwoerth.de\/index.php\/wp-json\/wp\/v2\/posts\/7081\/revisions\/7107"}],"wp:featuredmedia":[{"embeddable":true,"href":"https:\/\/feuerwehrwoerth.de\/index.php\/wp-json\/wp\/v2\/media\/7108"}],"wp:attachment":[{"href":"https:\/\/feuerwehrwoerth.de\/index.php\/wp-json\/wp\/v2\/media?parent=7081"}],"wp:term":[{"taxonomy":"category","embeddable":true,"href":"https:\/\/feuerwehrwoerth.de\/index.php\/wp-json\/wp\/v2\/categories?post=7081"},{"taxonomy":"post_tag","embeddable":true,"href":"https:\/\/feuerwehrwoerth.de\/index.php\/wp-json\/wp\/v2\/tags?post=7081"}],"curies":[{"name":"wp","href":"https:\/\/api.w.org\/{rel}","templated":true}]}}