{"id":7198,"date":"2025-04-13T15:46:22","date_gmt":"2025-04-13T13:46:22","guid":{"rendered":"https:\/\/feuerwehrwoerth.de\/?p=7198"},"modified":"2025-04-13T15:46:22","modified_gmt":"2025-04-13T13:46:22","slug":"lehrgang-atemschutzgeraetetraeger-2","status":"publish","type":"post","link":"https:\/\/feuerwehrwoerth.de\/index.php\/2025\/04\/13\/lehrgang-atemschutzgeraetetraeger-2\/","title":{"rendered":"Lehrgang Atemschutzger\u00e4tetr\u00e4ger"},"content":{"rendered":"\n<p>In den vergangenen zwei Wochen haben mehrere Kameraden der Freiwilligen Feuerwehr W\u00f6rth am Rhein erfolgreich am Atemschutzlehrgang in R\u00fclzheim teilgenommen. Dieser Lehrgang z\u00e4hlt zu den wichtigsten Ausbildungen im Feuerwehrdienst, da er den Grundstein f\u00fcr den Einsatz in besonders gef\u00e4hrlichen Situationen legt \u2013 etwa bei Br\u00e4nden mit starker Rauchentwicklung oder in verrauchten Geb\u00e4uden.<\/p>\n\n\n\n<p>Im Rahmen des Lehrgangs wurden die Teilnehmer intensiv auf die Aufgaben als Atemschutzger\u00e4tetr\u00e4ger vorbereitet. Neben theoretischem Wissen \u00fcber Atemgifte, Ger\u00e4tekunde und Einsatzgrunds\u00e4tze standen auch zahlreiche praktische \u00dcbungen auf dem Programm. Dazu z\u00e4hlten unter anderem das sichere Anlegen der Atemschutzger\u00e4te, das Vorgehen in verrauchten R\u00e4umen sowie das Verhalten in Notsituationen.<\/p>\n\n\n\n<p>Ein herzlicher Dank geht an dieser Stelle an die Ausbilderinnen und Ausbilder der Feuerwehr R\u00fclzheim f\u00fcr ihre engagierte und professionelle Durchf\u00fchrung des Lehrgangs.<\/p>\n\n\n\n<p>Wir gratulieren unseren Kameraden ganz herzlich zum Bestehen des Lehrgangs und zur neuen Qualifikation als Atemschutzger\u00e4tetr\u00e4ger \u2013 ein weiterer wichtiger Schritt im ehrenamtlichen Dienst f\u00fcr unsere Mitb\u00fcrgerinnen und Mitb\u00fcrger.<\/p>\n\n\n\n<p>Deine Feuerwehr W\u00f6rth \u2013 gemeinsam f\u00fcr unsere Sicherheit.<\/p>\n\n\n\n<figure data-wp-context=\"{&quot;imageId&quot;:&quot;69f3a167381f6&quot;}\" data-wp-interactive=\"core\/image\" data-wp-key=\"69f3a167381f6\" class=\"wp-block-image size-large wp-lightbox-container\"><img loading=\"lazy\" decoding=\"async\" width=\"1024\" height=\"768\" data-wp-class--hide=\"state.isContentHidden\" data-wp-class--show=\"state.isContentVisible\" data-wp-init=\"callbacks.setButtonStyles\" data-wp-on--click=\"actions.showLightbox\" data-wp-on--load=\"callbacks.setButtonStyles\" data-wp-on-window--resize=\"callbacks.setButtonStyles\" src=\"https:\/\/feuerwehrwoerth.de\/wp-content\/uploads\/2025\/04\/e13f0cb9-7c0b-4ab2-883c-6e72dc246898-1024x768.jpeg\" alt=\"\" class=\"wp-image-7199\" srcset=\"https:\/\/feuerwehrwoerth.de\/wp-content\/uploads\/2025\/04\/e13f0cb9-7c0b-4ab2-883c-6e72dc246898-1024x768.jpeg 1024w, https:\/\/feuerwehrwoerth.de\/wp-content\/uploads\/2025\/04\/e13f0cb9-7c0b-4ab2-883c-6e72dc246898-300x225.jpeg 300w, https:\/\/feuerwehrwoerth.de\/wp-content\/uploads\/2025\/04\/e13f0cb9-7c0b-4ab2-883c-6e72dc246898-768x576.jpeg 768w, https:\/\/feuerwehrwoerth.de\/wp-content\/uploads\/2025\/04\/e13f0cb9-7c0b-4ab2-883c-6e72dc246898-1536x1152.jpeg 1536w, https:\/\/feuerwehrwoerth.de\/wp-content\/uploads\/2025\/04\/e13f0cb9-7c0b-4ab2-883c-6e72dc246898-500x375.jpeg 500w, https:\/\/feuerwehrwoerth.de\/wp-content\/uploads\/2025\/04\/e13f0cb9-7c0b-4ab2-883c-6e72dc246898-800x600.jpeg 800w, https:\/\/feuerwehrwoerth.de\/wp-content\/uploads\/2025\/04\/e13f0cb9-7c0b-4ab2-883c-6e72dc246898-1280x960.jpeg 1280w, https:\/\/feuerwehrwoerth.de\/wp-content\/uploads\/2025\/04\/e13f0cb9-7c0b-4ab2-883c-6e72dc246898-1920x1440.jpeg 1920w, https:\/\/feuerwehrwoerth.de\/wp-content\/uploads\/2025\/04\/e13f0cb9-7c0b-4ab2-883c-6e72dc246898.jpeg 2048w\" sizes=\"auto, (max-width: 1024px) 100vw, 1024px\" \/><button\n\t\t\tclass=\"lightbox-trigger\"\n\t\t\ttype=\"button\"\n\t\t\taria-haspopup=\"dialog\"\n\t\t\taria-label=\"Vergr\u00f6\u00dfern\"\n\t\t\tdata-wp-init=\"callbacks.initTriggerButton\"\n\t\t\tdata-wp-on--click=\"actions.showLightbox\"\n\t\t\tdata-wp-style--right=\"state.imageButtonRight\"\n\t\t\tdata-wp-style--top=\"state.imageButtonTop\"\n\t\t>\n\t\t\t<svg xmlns=\"http:\/\/www.w3.org\/2000\/svg\" width=\"12\" height=\"12\" fill=\"none\" viewBox=\"0 0 12 12\">\n\t\t\t\t<path fill=\"#fff\" d=\"M2 0a2 2 0 0 0-2 2v2h1.5V2a.5.5 0 0 1 .5-.5h2V0H2Zm2 10.5H2a.5.5 0 0 1-.5-.5V8H0v2a2 2 0 0 0 2 2h2v-1.5ZM8 12v-1.5h2a.5.5 0 0 0 .5-.5V8H12v2a2 2 0 0 1-2 2H8Zm2-12a2 2 0 0 1 2 2v2h-1.5V2a.5.5 0 0 0-.5-.5H8V0h2Z\" \/>\n\t\t\t<\/svg>\n\t\t<\/button><\/figure>\n","protected":false},"excerpt":{"rendered":"<p>In den vergangenen zwei Wochen haben mehrere Kameraden der Freiwilligen Feuerwehr W\u00f6rth am Rhein erfolgreich am Atemschutzlehrgang in R\u00fclzheim teilgenommen. Dieser Lehrgang z\u00e4hlt zu den wichtigsten Ausbildungen im Feuerwehrdienst, da er den Grundstein f\u00fcr den Einsatz in besonders gef\u00e4hrlichen Situationen legt \u2013 etwa bei Br\u00e4nden mit starker Rauchentwicklung oder in verrauchten Geb\u00e4uden. Im Rahmen des [&hellip;]<\/p>\n","protected":false},"author":1,"featured_media":7201,"comment_status":"closed","ping_status":"open","sticky":false,"template":"","format":"standard","meta":{"advgb_blocks_editor_width":"","advgb_blocks_columns_visual_guide":"","ngg_post_thumbnail":0,"_jetpack_memberships_contains_paid_content":false,"footnotes":""},"categories":[39],"tags":[68,105,195],"class_list":["post-7198","post","type-post","status-publish","format-standard","has-post-thumbnail","hentry","category-ausbildung","tag-agt","tag-ausbildung","tag-lehrgang"],"author_meta":{"display_name":"Christian","author_link":"https:\/\/feuerwehrwoerth.de\/index.php\/author\/chris\/"},"featured_img":"https:\/\/feuerwehrwoerth.de\/wp-content\/uploads\/2025\/04\/IMG_3615-300x166.png","jetpack_featured_media_url":"https:\/\/feuerwehrwoerth.de\/wp-content\/uploads\/2025\/04\/IMG_3615.png","coauthors":[],"tax_additional":{"categories":{"linked":["<a href=\"https:\/\/feuerwehrwoerth.de\/index.php\/category\/ausbildung\/\" class=\"advgb-post-tax-term\">Ausbildung<\/a>"],"unlinked":["<span class=\"advgb-post-tax-term\">Ausbildung<\/span>"]},"tags":{"linked":["<a href=\"https:\/\/feuerwehrwoerth.de\/index.php\/category\/ausbildung\/\" class=\"advgb-post-tax-term\">agt<\/a>","<a href=\"https:\/\/feuerwehrwoerth.de\/index.php\/category\/ausbildung\/\" class=\"advgb-post-tax-term\">ausbildung<\/a>","<a href=\"https:\/\/feuerwehrwoerth.de\/index.php\/category\/ausbildung\/\" class=\"advgb-post-tax-term\">lehrgang<\/a>"],"unlinked":["<span class=\"advgb-post-tax-term\">agt<\/span>","<span class=\"advgb-post-tax-term\">ausbildung<\/span>","<span class=\"advgb-post-tax-term\">lehrgang<\/span>"]}},"comment_count":"0","relative_dates":{"created":"Posted 1\u00a0Jahr ago","modified":"Updated 1\u00a0Jahr ago"},"absolute_dates":{"created":"Posted on 13. April 2025","modified":"Updated on 13. April 2025"},"absolute_dates_time":{"created":"Posted on 13. April 2025 15:46","modified":"Updated on 13. April 2025 15:46"},"featured_img_caption":"","series_order":"","jetpack_sharing_enabled":true,"_links":{"self":[{"href":"https:\/\/feuerwehrwoerth.de\/index.php\/wp-json\/wp\/v2\/posts\/7198","targetHints":{"allow":["GET"]}}],"collection":[{"href":"https:\/\/feuerwehrwoerth.de\/index.php\/wp-json\/wp\/v2\/posts"}],"about":[{"href":"https:\/\/feuerwehrwoerth.de\/index.php\/wp-json\/wp\/v2\/types\/post"}],"author":[{"embeddable":true,"href":"https:\/\/feuerwehrwoerth.de\/index.php\/wp-json\/wp\/v2\/users\/1"}],"replies":[{"embeddable":true,"href":"https:\/\/feuerwehrwoerth.de\/index.php\/wp-json\/wp\/v2\/comments?post=7198"}],"version-history":[{"count":1,"href":"https:\/\/feuerwehrwoerth.de\/index.php\/wp-json\/wp\/v2\/posts\/7198\/revisions"}],"predecessor-version":[{"id":7200,"href":"https:\/\/feuerwehrwoerth.de\/index.php\/wp-json\/wp\/v2\/posts\/7198\/revisions\/7200"}],"wp:featuredmedia":[{"embeddable":true,"href":"https:\/\/feuerwehrwoerth.de\/index.php\/wp-json\/wp\/v2\/media\/7201"}],"wp:attachment":[{"href":"https:\/\/feuerwehrwoerth.de\/index.php\/wp-json\/wp\/v2\/media?parent=7198"}],"wp:term":[{"taxonomy":"category","embeddable":true,"href":"https:\/\/feuerwehrwoerth.de\/index.php\/wp-json\/wp\/v2\/categories?post=7198"},{"taxonomy":"post_tag","embeddable":true,"href":"https:\/\/feuerwehrwoerth.de\/index.php\/wp-json\/wp\/v2\/tags?post=7198"}],"curies":[{"name":"wp","href":"https:\/\/api.w.org\/{rel}","templated":true}]}}