{"id":7331,"date":"2025-05-17T22:25:00","date_gmt":"2025-05-17T20:25:00","guid":{"rendered":"https:\/\/feuerwehrwoerth.de\/?p=7331"},"modified":"2025-05-18T17:18:15","modified_gmt":"2025-05-18T15:18:15","slug":"facheinheit-drohne-bei-der-rehkitzsuche","status":"publish","type":"post","link":"https:\/\/feuerwehrwoerth.de\/index.php\/2025\/05\/17\/facheinheit-drohne-bei-der-rehkitzsuche\/","title":{"rendered":"Facheinheit Drohne bei der Rehkitzsuche"},"content":{"rendered":"\n<p>In den fr\u00fchen Stunden der D\u00e4mmerung f\u00fchrten wir eine ganz besondere \u00dcbung durch: die Suche nach Rehkitzen mithilfe unserer Drohnen auf mehreren Feldern, bevor diese gem\u00e4ht wurden. In diesem Szenario konnten wir das Zusammenspiel mehrerer Drohnen bei schlechten Lichtverh\u00e4ltnissen in der Praxis \u00fcben und gleichzeitig zum Schutz der Natur beitragen.<\/p>\n\n\n\n<p>Jedes Fr\u00fchjahr beginnt die M\u00e4hsaison f\u00fcr Felder. Doch genau in dieser Zeit legen Rehm\u00fctter ihre Kitze im hohen Gras ab, wo sie regungslos verharren, um sich vor Fressfeinden zu sch\u00fctzen. Leider f\u00fchrt dieser nat\u00fcrliche Instinkt dazu, dass die jungen Tiere bei M\u00e4harbeiten oft \u00fcbersehen werden und schwer verletzt oder get\u00f6tet werden. Die traditionelle Methode, Felder zu Fu\u00df abzusuchen, ist zeitaufwendig und oft nicht effektiv genug. Drohnen mit einer integrierten W\u00e4rmebildkamera bieten hier eine praktische L\u00f6sung: Mit diesen k\u00f6nnen wir die K\u00f6rperw\u00e4rme der Rehkitze aus der Luft erfassen und so deren genaue Position bestimmen.<\/p>\n\n\n\n<p>Wir haben die zu untersuchenden Felder systematisch mit unseren Drohnen \u00fcberflogen. Dabei haben wir gezielt nach Temperaturabweichungen gesucht, da die K\u00f6rpertemperatur der Tiere zu dieser Jahreszeit signifikant den des Bodens \u00fcbertrifft. So konnten wir die Rehkitze schnell identifizieren und im Bedarfsfall ihre Rettung einleiten. Die Suche erfolgte unter Einbindung des zust\u00e4ndigen Jagdp\u00e4chters, der ebenfalls vor Ort war. Nach mehreren Stunden konnten wir die \u00dcbung erfolgreich abschlie\u00dfen und dabei einen wichtigen Beitrag zum Schutz der Tierwelt leisten.<\/p>\n\n\n\nngg_shortcode_0_placeholder\n","protected":false},"excerpt":{"rendered":"<p>In den fr\u00fchen Stunden der D\u00e4mmerung f\u00fchrten wir eine ganz besondere \u00dcbung durch: die Suche nach Rehkitzen mithilfe unserer Drohnen auf mehreren Feldern, bevor diese gem\u00e4ht wurden. In diesem Szenario konnten wir das Zusammenspiel mehrerer Drohnen bei schlechten Lichtverh\u00e4ltnissen in der Praxis \u00fcben und gleichzeitig zum Schutz der Natur beitragen. Jedes Fr\u00fchjahr beginnt die M\u00e4hsaison [&hellip;]<\/p>\n","protected":false},"author":2,"featured_media":7347,"comment_status":"closed","ping_status":"open","sticky":false,"template":"","format":"standard","meta":{"advgb_blocks_editor_width":"","advgb_blocks_columns_visual_guide":"","ngg_post_thumbnail":0,"_jetpack_memberships_contains_paid_content":false,"footnotes":""},"categories":[1],"tags":[73,74,105,157],"class_list":["post-7331","post","type-post","status-publish","format-standard","has-post-thumbnail","hentry","category-allgemein","tag-uebung","tag-th","tag-ausbildung","tag-drohne"],"author_meta":{"display_name":"Tobias","author_link":"https:\/\/feuerwehrwoerth.de\/index.php\/author\/tobias\/"},"featured_img":"https:\/\/feuerwehrwoerth.de\/wp-content\/uploads\/2025\/05\/titel_WhatsApp-Image-2025-05-17-at-21.42.53-300x164.jpeg","jetpack_featured_media_url":"https:\/\/feuerwehrwoerth.de\/wp-content\/uploads\/2025\/05\/titel_WhatsApp-Image-2025-05-17-at-21.42.53.jpeg","coauthors":[],"tax_additional":{"categories":{"linked":["<a href=\"https:\/\/feuerwehrwoerth.de\/index.php\/category\/allgemein\/\" class=\"advgb-post-tax-term\">Allgemein<\/a>"],"unlinked":["<span class=\"advgb-post-tax-term\">Allgemein<\/span>"]},"tags":{"linked":["<a href=\"https:\/\/feuerwehrwoerth.de\/index.php\/category\/allgemein\/\" class=\"advgb-post-tax-term\">\u00fcbung<\/a>","<a href=\"https:\/\/feuerwehrwoerth.de\/index.php\/category\/allgemein\/\" class=\"advgb-post-tax-term\">th<\/a>","<a href=\"https:\/\/feuerwehrwoerth.de\/index.php\/category\/allgemein\/\" class=\"advgb-post-tax-term\">ausbildung<\/a>","<a href=\"https:\/\/feuerwehrwoerth.de\/index.php\/category\/allgemein\/\" class=\"advgb-post-tax-term\">drohne<\/a>"],"unlinked":["<span class=\"advgb-post-tax-term\">\u00fcbung<\/span>","<span class=\"advgb-post-tax-term\">th<\/span>","<span class=\"advgb-post-tax-term\">ausbildung<\/span>","<span class=\"advgb-post-tax-term\">drohne<\/span>"]}},"comment_count":"0","relative_dates":{"created":"Posted 12\u00a0Monaten ago","modified":"Updated 12\u00a0Monaten ago"},"absolute_dates":{"created":"Posted on 17. Mai 2025","modified":"Updated on 18. Mai 2025"},"absolute_dates_time":{"created":"Posted on 17. Mai 2025 22:25","modified":"Updated on 18. Mai 2025 17:18"},"featured_img_caption":"","series_order":"","jetpack_sharing_enabled":true,"_links":{"self":[{"href":"https:\/\/feuerwehrwoerth.de\/index.php\/wp-json\/wp\/v2\/posts\/7331","targetHints":{"allow":["GET"]}}],"collection":[{"href":"https:\/\/feuerwehrwoerth.de\/index.php\/wp-json\/wp\/v2\/posts"}],"about":[{"href":"https:\/\/feuerwehrwoerth.de\/index.php\/wp-json\/wp\/v2\/types\/post"}],"author":[{"embeddable":true,"href":"https:\/\/feuerwehrwoerth.de\/index.php\/wp-json\/wp\/v2\/users\/2"}],"replies":[{"embeddable":true,"href":"https:\/\/feuerwehrwoerth.de\/index.php\/wp-json\/wp\/v2\/comments?post=7331"}],"version-history":[{"count":2,"href":"https:\/\/feuerwehrwoerth.de\/index.php\/wp-json\/wp\/v2\/posts\/7331\/revisions"}],"predecessor-version":[{"id":7345,"href":"https:\/\/feuerwehrwoerth.de\/index.php\/wp-json\/wp\/v2\/posts\/7331\/revisions\/7345"}],"wp:featuredmedia":[{"embeddable":true,"href":"https:\/\/feuerwehrwoerth.de\/index.php\/wp-json\/wp\/v2\/media\/7347"}],"wp:attachment":[{"href":"https:\/\/feuerwehrwoerth.de\/index.php\/wp-json\/wp\/v2\/media?parent=7331"}],"wp:term":[{"taxonomy":"category","embeddable":true,"href":"https:\/\/feuerwehrwoerth.de\/index.php\/wp-json\/wp\/v2\/categories?post=7331"},{"taxonomy":"post_tag","embeddable":true,"href":"https:\/\/feuerwehrwoerth.de\/index.php\/wp-json\/wp\/v2\/tags?post=7331"}],"curies":[{"name":"wp","href":"https:\/\/api.w.org\/{rel}","templated":true}]}}