{"id":7408,"date":"2025-06-14T20:31:01","date_gmt":"2025-06-14T18:31:01","guid":{"rendered":"https:\/\/feuerwehrwoerth.de\/?p=7408"},"modified":"2026-03-31T16:10:51","modified_gmt":"2026-03-31T14:10:51","slug":"besuch-der-berufsmesse","status":"publish","type":"post","link":"https:\/\/feuerwehrwoerth.de\/index.php\/2025\/06\/14\/besuch-der-berufsmesse\/","title":{"rendered":"Besuch der Berufsmesse"},"content":{"rendered":"\n<p>Am 14. Juni waren wir auf der Berufsmesse \u201eCheck the Future\u201c der Carl-Benz-Gesamtschule vertreten. Trotz hei\u00dfem Wetter nutzten wir die Gelegenheit, um unsere Arbeit mit dem HLF20 und dem neuen ELW des Landkreises vorzustellen.<\/p>\n\n\n\n<p>Besonders spannend f\u00fcr die Sch\u00fclerinnen und Sch\u00fcler der Gesamtschulen aus W\u00f6rth, Kandel und Rheinzabern: Sie konnten nicht nur Fragen zu unserer T\u00e4tigkeit stellen, sondern auch aktiv mitmachen. Bei kleinen Mitmachaktionen testeten sie die Beladung unserer Fahrzeuge und erhielten einen praktischen Einblick in unseren Alltag.<\/p>\n\n\n\n<p>Ein gelungener Tag mit vielen interessierten jungen Menschen \u2013 vielleicht ja sogar zuk\u00fcnftigen Feuerwehrleuten!<\/p>\n\n\n\n<p><\/p>\n","protected":false},"excerpt":{"rendered":"<p>Am 14. Juni waren wir auf der Berufsmesse \u201eCheck the Future\u201c der Carl-Benz-Gesamtschule vertreten. Trotz hei\u00dfem Wetter nutzten wir die Gelegenheit, um unsere Arbeit mit dem HLF20 und dem neuen ELW des Landkreises vorzustellen. Besonders spannend f\u00fcr die Sch\u00fclerinnen und Sch\u00fcler der Gesamtschulen aus W\u00f6rth, Kandel und Rheinzabern: Sie konnten nicht nur Fragen zu unserer [&hellip;]<\/p>\n","protected":false},"author":2,"featured_media":7409,"comment_status":"closed","ping_status":"open","sticky":false,"template":"","format":"standard","meta":{"advgb_blocks_editor_width":"","advgb_blocks_columns_visual_guide":"","ngg_post_thumbnail":0,"_jetpack_memberships_contains_paid_content":false,"footnotes":""},"categories":[1,233,235],"tags":[],"class_list":["post-7408","post","type-post","status-publish","format-standard","has-post-thumbnail","hentry","category-allgemein","category-einheit","category-woerth"],"author_meta":{"display_name":"Tobias","author_link":"https:\/\/feuerwehrwoerth.de\/index.php\/author\/tobias\/"},"featured_img":"https:\/\/feuerwehrwoerth.de\/wp-content\/uploads\/2025\/06\/titelbild_WhatsApp-Image-2025-06-14-at-16.18.51-copy-300x164.jpeg","jetpack_featured_media_url":"https:\/\/feuerwehrwoerth.de\/wp-content\/uploads\/2025\/06\/titelbild_WhatsApp-Image-2025-06-14-at-16.18.51-copy.jpeg","coauthors":[],"tax_additional":{"categories":{"linked":["<a href=\"https:\/\/feuerwehrwoerth.de\/index.php\/category\/allgemein\/\" class=\"advgb-post-tax-term\">Allgemein<\/a>","<a href=\"https:\/\/feuerwehrwoerth.de\/index.php\/category\/einheit\/\" class=\"advgb-post-tax-term\">Einheit<\/a>","<a href=\"https:\/\/feuerwehrwoerth.de\/index.php\/category\/einheit\/woerth\/\" class=\"advgb-post-tax-term\">W\u00f6rth<\/a>"],"unlinked":["<span class=\"advgb-post-tax-term\">Allgemein<\/span>","<span class=\"advgb-post-tax-term\">Einheit<\/span>","<span class=\"advgb-post-tax-term\">W\u00f6rth<\/span>"]}},"comment_count":"0","relative_dates":{"created":"Posted 11\u00a0Monaten ago","modified":"Updated 1\u00a0Monat ago"},"absolute_dates":{"created":"Posted on 14. Juni 2025","modified":"Updated on 31. M\u00e4rz 2026"},"absolute_dates_time":{"created":"Posted on 14. Juni 2025 20:31","modified":"Updated on 31. M\u00e4rz 2026 16:10"},"featured_img_caption":"","series_order":"","jetpack_sharing_enabled":true,"_links":{"self":[{"href":"https:\/\/feuerwehrwoerth.de\/index.php\/wp-json\/wp\/v2\/posts\/7408","targetHints":{"allow":["GET"]}}],"collection":[{"href":"https:\/\/feuerwehrwoerth.de\/index.php\/wp-json\/wp\/v2\/posts"}],"about":[{"href":"https:\/\/feuerwehrwoerth.de\/index.php\/wp-json\/wp\/v2\/types\/post"}],"author":[{"embeddable":true,"href":"https:\/\/feuerwehrwoerth.de\/index.php\/wp-json\/wp\/v2\/users\/2"}],"replies":[{"embeddable":true,"href":"https:\/\/feuerwehrwoerth.de\/index.php\/wp-json\/wp\/v2\/comments?post=7408"}],"version-history":[{"count":1,"href":"https:\/\/feuerwehrwoerth.de\/index.php\/wp-json\/wp\/v2\/posts\/7408\/revisions"}],"predecessor-version":[{"id":7410,"href":"https:\/\/feuerwehrwoerth.de\/index.php\/wp-json\/wp\/v2\/posts\/7408\/revisions\/7410"}],"wp:featuredmedia":[{"embeddable":true,"href":"https:\/\/feuerwehrwoerth.de\/index.php\/wp-json\/wp\/v2\/media\/7409"}],"wp:attachment":[{"href":"https:\/\/feuerwehrwoerth.de\/index.php\/wp-json\/wp\/v2\/media?parent=7408"}],"wp:term":[{"taxonomy":"category","embeddable":true,"href":"https:\/\/feuerwehrwoerth.de\/index.php\/wp-json\/wp\/v2\/categories?post=7408"},{"taxonomy":"post_tag","embeddable":true,"href":"https:\/\/feuerwehrwoerth.de\/index.php\/wp-json\/wp\/v2\/tags?post=7408"}],"curies":[{"name":"wp","href":"https:\/\/api.w.org\/{rel}","templated":true}]}}