{"id":7673,"date":"2025-09-27T21:53:03","date_gmt":"2025-09-27T19:53:03","guid":{"rendered":"https:\/\/feuerwehrwoerth.de\/?p=7673"},"modified":"2025-09-27T21:53:05","modified_gmt":"2025-09-27T19:53:05","slug":"landesuebungstag-2025-wir-waren-dabei","status":"publish","type":"post","link":"https:\/\/feuerwehrwoerth.de\/index.php\/2025\/09\/27\/landesuebungstag-2025-wir-waren-dabei\/","title":{"rendered":"Landes\u00fcbungstag 2025 \u2013 wir waren dabei!"},"content":{"rendered":"\n<p>Am Samstag haben wir gemeinsam mit Kr\u00e4ften aus dem ganzen Leitstellenbereich Landau am ersten landesweiten \u00dcbungstag in Rheinland-Pfalz teilgenommen.<br>Das Szenario: Verlegung \u00fcber\u00f6rtlicher Einheiten in ein fiktives Zielgebiet \u2013 gemeinsam mit Feuerwehren aus Germersheim, Lingenfeld, R\u00fclzheim und Kandel haben wir als Feuerwehr W\u00f6rth mit unserem L\u00f6schgruppenfahrzeug KATS unseren Teil dazu beigetragen.<\/p>\n\n\n\n<p>Parallel wurde die Kommunikation zwischen den Einsatzleitungen, den Leitstellen und dem Lagezentrum auf Landesebene getestet \u2013 ein wichtiger Baustein f\u00fcr die Zusammenarbeit im Ernstfall.<\/p>\n\n\n\nngg_shortcode_0_placeholder\n","protected":false},"excerpt":{"rendered":"<p>Am Samstag haben wir gemeinsam mit Kr\u00e4ften aus dem ganzen Leitstellenbereich Landau am ersten landesweiten \u00dcbungstag in Rheinland-Pfalz teilgenommen.Das Szenario: Verlegung \u00fcber\u00f6rtlicher Einheiten in ein fiktives Zielgebiet \u2013 gemeinsam mit Feuerwehren aus Germersheim, Lingenfeld, R\u00fclzheim und Kandel haben wir als Feuerwehr W\u00f6rth mit unserem L\u00f6schgruppenfahrzeug KATS unseren Teil dazu beigetragen. Parallel wurde die Kommunikation zwischen [&hellip;]<\/p>\n","protected":false},"author":2,"featured_media":7690,"comment_status":"closed","ping_status":"open","sticky":false,"template":"","format":"standard","meta":{"advgb_blocks_editor_width":"","advgb_blocks_columns_visual_guide":"","ngg_post_thumbnail":0,"_jetpack_memberships_contains_paid_content":false,"footnotes":""},"categories":[1,39],"tags":[105],"class_list":["post-7673","post","type-post","status-publish","format-standard","has-post-thumbnail","hentry","category-allgemein","category-ausbildung","tag-ausbildung"],"author_meta":{"display_name":"Tobias","author_link":"https:\/\/feuerwehrwoerth.de\/index.php\/author\/tobias\/"},"featured_img":"https:\/\/feuerwehrwoerth.de\/wp-content\/uploads\/2025\/09\/titelbild-300x164.jpg","jetpack_featured_media_url":"https:\/\/feuerwehrwoerth.de\/wp-content\/uploads\/2025\/09\/titelbild.jpg","coauthors":[],"tax_additional":{"categories":{"linked":["<a href=\"https:\/\/feuerwehrwoerth.de\/index.php\/category\/allgemein\/\" class=\"advgb-post-tax-term\">Allgemein<\/a>","<a href=\"https:\/\/feuerwehrwoerth.de\/index.php\/category\/ausbildung\/\" class=\"advgb-post-tax-term\">Ausbildung<\/a>"],"unlinked":["<span class=\"advgb-post-tax-term\">Allgemein<\/span>","<span class=\"advgb-post-tax-term\">Ausbildung<\/span>"]},"tags":{"linked":["<a href=\"https:\/\/feuerwehrwoerth.de\/index.php\/category\/ausbildung\/\" class=\"advgb-post-tax-term\">ausbildung<\/a>"],"unlinked":["<span class=\"advgb-post-tax-term\">ausbildung<\/span>"]}},"comment_count":"0","relative_dates":{"created":"Posted 7\u00a0Monaten ago","modified":"Updated 7\u00a0Monaten ago"},"absolute_dates":{"created":"Posted on 27. September 2025","modified":"Updated on 27. September 2025"},"absolute_dates_time":{"created":"Posted on 27. September 2025 21:53","modified":"Updated on 27. September 2025 21:53"},"featured_img_caption":"","series_order":"","jetpack_sharing_enabled":true,"_links":{"self":[{"href":"https:\/\/feuerwehrwoerth.de\/index.php\/wp-json\/wp\/v2\/posts\/7673","targetHints":{"allow":["GET"]}}],"collection":[{"href":"https:\/\/feuerwehrwoerth.de\/index.php\/wp-json\/wp\/v2\/posts"}],"about":[{"href":"https:\/\/feuerwehrwoerth.de\/index.php\/wp-json\/wp\/v2\/types\/post"}],"author":[{"embeddable":true,"href":"https:\/\/feuerwehrwoerth.de\/index.php\/wp-json\/wp\/v2\/users\/2"}],"replies":[{"embeddable":true,"href":"https:\/\/feuerwehrwoerth.de\/index.php\/wp-json\/wp\/v2\/comments?post=7673"}],"version-history":[{"count":1,"href":"https:\/\/feuerwehrwoerth.de\/index.php\/wp-json\/wp\/v2\/posts\/7673\/revisions"}],"predecessor-version":[{"id":7689,"href":"https:\/\/feuerwehrwoerth.de\/index.php\/wp-json\/wp\/v2\/posts\/7673\/revisions\/7689"}],"wp:featuredmedia":[{"embeddable":true,"href":"https:\/\/feuerwehrwoerth.de\/index.php\/wp-json\/wp\/v2\/media\/7690"}],"wp:attachment":[{"href":"https:\/\/feuerwehrwoerth.de\/index.php\/wp-json\/wp\/v2\/media?parent=7673"}],"wp:term":[{"taxonomy":"category","embeddable":true,"href":"https:\/\/feuerwehrwoerth.de\/index.php\/wp-json\/wp\/v2\/categories?post=7673"},{"taxonomy":"post_tag","embeddable":true,"href":"https:\/\/feuerwehrwoerth.de\/index.php\/wp-json\/wp\/v2\/tags?post=7673"}],"curies":[{"name":"wp","href":"https:\/\/api.w.org\/{rel}","templated":true}]}}