{"id":7791,"date":"2025-10-26T13:53:04","date_gmt":"2025-10-26T12:53:04","guid":{"rendered":"https:\/\/feuerwehrwoerth.de\/?p=7791"},"modified":"2025-10-26T13:56:15","modified_gmt":"2025-10-26T12:56:15","slug":"lehrgang-chemikalienschutzanzugtraeger-3","status":"publish","type":"post","link":"https:\/\/feuerwehrwoerth.de\/index.php\/2025\/10\/26\/lehrgang-chemikalienschutzanzugtraeger-3\/","title":{"rendered":"Lehrgang Chemikalienschutzanzugtr\u00e4ger"},"content":{"rendered":"\n<p>An den vergangenen beiden Wochenenden fand erneut der CSA-Lehrgang des Landkreises Germersheim bei uns in W\u00f6rth statt. Wie schon in den Vorjahren wurde das Ausbildungskonzept als Hybridmodell umgesetzt \u2013 ein Teil der theoretischen Inhalte wurde online vermittelt, der praktische Teil fand in unserem Ger\u00e4tehaus statt.<\/p>\n\n\n\n<p>Ziel des Lehrgangs ist es, die Teilnehmerinnen und Teilnehmer an das Tragen eines Chemikalienschutzanzugs (CSA) heranzuf\u00fchren. Die Arbeit unter diesen speziellen Schutzanz\u00fcgen bedeutet eine deutlich erh\u00f6hte k\u00f6rperliche und mentale Belastung und erfordert deshalb besonderes Training und Teamarbeit.<\/p>\n\n\n\n<p>In der Theorie wurden Grundlagen, Aufbau, Typen und Grenzen der Schutzanz\u00fcge sowie das richtige Verhalten in Gefahr- und Notsituationen vermittelt. Der Praxisteil bot anschlie\u00dfend die M\u00f6glichkeit, dies unter realit\u00e4tsnahen Bedingungen umzusetzen: Hindernisparcours, Geschicklichkeits\u00fcbungen, das Umpumpen von Gefahrstoffen sowie die Rettung eines verunfallten Tr\u00e4gers geh\u00f6rten zu den zentralen Ausbildungsinhalten.<\/p>\n\n\n\n<p>Alle Teilnehmerinnen und Teilnehmer haben den Lehrgang mit Erfolg abgeschlossen \u2013 herzlichen Gl\u00fcckwunsch!<\/p>\n\n\n\n<p>Ein besonderer Dank geht an:<\/p>\n\n\n\n<ul class=\"wp-block-list\">\n<li>die Ausbilder, die mit hoher Fachkompetenz und Engagement die Ausbildung organisiert und durchgef\u00fchrt haben<\/li>\n\n\n\n<li>alle Teilnehmenden, die an zwei Wochenenden ihre Freizeit geopfert haben, um sich f\u00fcr die Sicherheit der Allgemeinheit weiterzubilden<\/li>\n<\/ul>\n\n\n\n<p>Vielen Dank f\u00fcr euren Einsatz \u2013 auf euch ist Verlass!<\/p>\n\n\n\nngg_shortcode_0_placeholder\n","protected":false},"excerpt":{"rendered":"<p>An den vergangenen beiden Wochenenden fand erneut der CSA-Lehrgang des Landkreises Germersheim bei uns in W\u00f6rth statt. Wie schon in den Vorjahren wurde das Ausbildungskonzept als Hybridmodell umgesetzt \u2013 ein Teil der theoretischen Inhalte wurde online vermittelt, der praktische Teil fand in unserem Ger\u00e4tehaus statt. Ziel des Lehrgangs ist es, die Teilnehmerinnen und Teilnehmer an [&hellip;]<\/p>\n","protected":false},"author":1,"featured_media":7804,"comment_status":"closed","ping_status":"open","sticky":false,"template":"","format":"standard","meta":{"advgb_blocks_editor_width":"","advgb_blocks_columns_visual_guide":"","ngg_post_thumbnail":0,"_jetpack_memberships_contains_paid_content":false,"footnotes":""},"categories":[39],"tags":[105,161,187,205],"class_list":["post-7791","post","type-post","status-publish","format-standard","has-post-thumbnail","hentry","category-ausbildung","tag-ausbildung","tag-csa","tag-kreisausbildung","tag-gefahrstoff"],"author_meta":{"display_name":"Christian","author_link":"https:\/\/feuerwehrwoerth.de\/index.php\/author\/chris\/"},"featured_img":"https:\/\/feuerwehrwoerth.de\/wp-content\/uploads\/2025\/10\/2025-10-26-csa-lehrgang_artikelbild-300x164.jpg","jetpack_featured_media_url":"https:\/\/feuerwehrwoerth.de\/wp-content\/uploads\/2025\/10\/2025-10-26-csa-lehrgang_artikelbild.jpg","coauthors":[],"tax_additional":{"categories":{"linked":["<a href=\"https:\/\/feuerwehrwoerth.de\/index.php\/category\/ausbildung\/\" class=\"advgb-post-tax-term\">Ausbildung<\/a>"],"unlinked":["<span class=\"advgb-post-tax-term\">Ausbildung<\/span>"]},"tags":{"linked":["<a href=\"https:\/\/feuerwehrwoerth.de\/index.php\/category\/ausbildung\/\" class=\"advgb-post-tax-term\">ausbildung<\/a>","<a href=\"https:\/\/feuerwehrwoerth.de\/index.php\/category\/ausbildung\/\" class=\"advgb-post-tax-term\">csa<\/a>","<a href=\"https:\/\/feuerwehrwoerth.de\/index.php\/category\/ausbildung\/\" class=\"advgb-post-tax-term\">kreisausbildung<\/a>","<a href=\"https:\/\/feuerwehrwoerth.de\/index.php\/category\/ausbildung\/\" class=\"advgb-post-tax-term\">gefahrstoff<\/a>"],"unlinked":["<span class=\"advgb-post-tax-term\">ausbildung<\/span>","<span class=\"advgb-post-tax-term\">csa<\/span>","<span class=\"advgb-post-tax-term\">kreisausbildung<\/span>","<span class=\"advgb-post-tax-term\">gefahrstoff<\/span>"]}},"comment_count":"0","relative_dates":{"created":"Posted 6\u00a0Monaten ago","modified":"Updated 6\u00a0Monaten ago"},"absolute_dates":{"created":"Posted on 26. Oktober 2025","modified":"Updated on 26. Oktober 2025"},"absolute_dates_time":{"created":"Posted on 26. Oktober 2025 13:53","modified":"Updated on 26. Oktober 2025 13:56"},"featured_img_caption":"","series_order":"","jetpack_sharing_enabled":true,"_links":{"self":[{"href":"https:\/\/feuerwehrwoerth.de\/index.php\/wp-json\/wp\/v2\/posts\/7791","targetHints":{"allow":["GET"]}}],"collection":[{"href":"https:\/\/feuerwehrwoerth.de\/index.php\/wp-json\/wp\/v2\/posts"}],"about":[{"href":"https:\/\/feuerwehrwoerth.de\/index.php\/wp-json\/wp\/v2\/types\/post"}],"author":[{"embeddable":true,"href":"https:\/\/feuerwehrwoerth.de\/index.php\/wp-json\/wp\/v2\/users\/1"}],"replies":[{"embeddable":true,"href":"https:\/\/feuerwehrwoerth.de\/index.php\/wp-json\/wp\/v2\/comments?post=7791"}],"version-history":[{"count":3,"href":"https:\/\/feuerwehrwoerth.de\/index.php\/wp-json\/wp\/v2\/posts\/7791\/revisions"}],"predecessor-version":[{"id":7807,"href":"https:\/\/feuerwehrwoerth.de\/index.php\/wp-json\/wp\/v2\/posts\/7791\/revisions\/7807"}],"wp:featuredmedia":[{"embeddable":true,"href":"https:\/\/feuerwehrwoerth.de\/index.php\/wp-json\/wp\/v2\/media\/7804"}],"wp:attachment":[{"href":"https:\/\/feuerwehrwoerth.de\/index.php\/wp-json\/wp\/v2\/media?parent=7791"}],"wp:term":[{"taxonomy":"category","embeddable":true,"href":"https:\/\/feuerwehrwoerth.de\/index.php\/wp-json\/wp\/v2\/categories?post=7791"},{"taxonomy":"post_tag","embeddable":true,"href":"https:\/\/feuerwehrwoerth.de\/index.php\/wp-json\/wp\/v2\/tags?post=7791"}],"curies":[{"name":"wp","href":"https:\/\/api.w.org\/{rel}","templated":true}]}}