{"id":8117,"date":"2026-03-11T14:13:03","date_gmt":"2026-03-11T13:13:03","guid":{"rendered":"https:\/\/feuerwehrwoerth.de\/?p=8117"},"modified":"2026-03-11T14:39:11","modified_gmt":"2026-03-11T13:39:11","slug":"keine-sorge-nur-ein-test","status":"publish","type":"post","link":"https:\/\/feuerwehrwoerth.de\/index.php\/2026\/03\/11\/keine-sorge-nur-ein-test\/","title":{"rendered":"Keine Sorge &#8211; Nur ein Test"},"content":{"rendered":"\n<p>Am Donnerstag, 12. M\u00e4rz, findet gegen 10:00 Uhr der landesweite Warntag statt. Im gesamten Landkreis Germersheim werden die Sirenen getestet. Es besteht kein Grund zur Beunruhigung.<\/p>\n\n\n\n<p>Neu: Sprachdurchsagen<br>Erstmals testen wir bei den neuen Sirenen zus\u00e4tzlich zum Alarmton auch Sprachdurchsagen. Parallel l\u00f6sen Warn-Apps wie NINA und KATWARN sowie Cell Broadcast aus.<\/p>\n\n\n\n<p>Der Ablauf am Vormittag:<br>&#8211; 10:00 Uhr: Warnung (Heulton und Durchsage \u201eProbealarm\u201c).<br>&#8211; Gegen 10:45 Uhr: Entwarnung (Dauerton und Durchsage \u201eEnde des Probealarms\u201c).<\/p>\n\n\n\n<p>Eure Mithilfe ist gefragt<br>H\u00f6rt ihr die Sirenen? Versteht ihr die Durchsagen? Bitte gebt uns nach dem Test eine R\u00fcckmeldung in unserer Online-Umfrage.<\/p>\n\n\n\n<p>Hier geht es zur Umfrage:<br><a href=\"http:\/\/www.kreis-germersheim.de\/SirenenGER26\" data-type=\"link\" data-id=\"www.kreis-germersheim.de\/SirenenGER26\">www.kreis-germersheim.de\/SirenenGER26<\/a><\/p>\n\n\n\n<p>Text und Bild: KV Germersheim<\/p>\n\n\n\n<figure class=\"wp-block-image size-large\"><img loading=\"lazy\" decoding=\"async\" width=\"819\" height=\"1024\" src=\"https:\/\/feuerwehrwoerth.de\/wp-content\/uploads\/2026\/03\/WhatsApp-Image-2026-03-11-at-08.29.42-819x1024.jpeg\" alt=\"\" class=\"wp-image-8119\" srcset=\"https:\/\/feuerwehrwoerth.de\/wp-content\/uploads\/2026\/03\/WhatsApp-Image-2026-03-11-at-08.29.42-819x1024.jpeg 819w, https:\/\/feuerwehrwoerth.de\/wp-content\/uploads\/2026\/03\/WhatsApp-Image-2026-03-11-at-08.29.42-240x300.jpeg 240w, https:\/\/feuerwehrwoerth.de\/wp-content\/uploads\/2026\/03\/WhatsApp-Image-2026-03-11-at-08.29.42-768x960.jpeg 768w, https:\/\/feuerwehrwoerth.de\/wp-content\/uploads\/2026\/03\/WhatsApp-Image-2026-03-11-at-08.29.42-500x625.jpeg 500w, https:\/\/feuerwehrwoerth.de\/wp-content\/uploads\/2026\/03\/WhatsApp-Image-2026-03-11-at-08.29.42-800x1000.jpeg 800w, https:\/\/feuerwehrwoerth.de\/wp-content\/uploads\/2026\/03\/WhatsApp-Image-2026-03-11-at-08.29.42.jpeg 1080w\" sizes=\"auto, (max-width: 819px) 100vw, 819px\" \/><\/figure>\n","protected":false},"excerpt":{"rendered":"<p>Am Donnerstag, 12. M\u00e4rz, findet gegen 10:00 Uhr der landesweite Warntag statt. Im gesamten Landkreis Germersheim werden die Sirenen getestet. Es besteht kein Grund zur Beunruhigung. Neu: SprachdurchsagenErstmals testen wir bei den neuen Sirenen zus\u00e4tzlich zum Alarmton auch Sprachdurchsagen. Parallel l\u00f6sen Warn-Apps wie NINA und KATWARN sowie Cell Broadcast aus. Der Ablauf am Vormittag:&#8211; 10:00 [&hellip;]<\/p>\n","protected":false},"author":2,"featured_media":8118,"comment_status":"closed","ping_status":"open","sticky":false,"template":"","format":"standard","meta":{"advgb_blocks_editor_width":"","advgb_blocks_columns_visual_guide":"","ngg_post_thumbnail":0,"_jetpack_memberships_contains_paid_content":false,"footnotes":""},"categories":[1],"tags":[],"class_list":["post-8117","post","type-post","status-publish","format-standard","has-post-thumbnail","hentry","category-allgemein"],"author_meta":{"display_name":"Tobias","author_link":"https:\/\/feuerwehrwoerth.de\/index.php\/author\/tobias\/"},"featured_img":"https:\/\/feuerwehrwoerth.de\/wp-content\/uploads\/2026\/03\/WhatsApp-Image-2026-03-11-at-08.29.42-Kopie-300x164.jpeg","jetpack_featured_media_url":"https:\/\/feuerwehrwoerth.de\/wp-content\/uploads\/2026\/03\/WhatsApp-Image-2026-03-11-at-08.29.42-Kopie.jpeg","coauthors":[],"tax_additional":{"categories":{"linked":["<a href=\"https:\/\/feuerwehrwoerth.de\/index.php\/category\/allgemein\/\" class=\"advgb-post-tax-term\">Allgemein<\/a>"],"unlinked":["<span class=\"advgb-post-tax-term\">Allgemein<\/span>"]}},"comment_count":"0","relative_dates":{"created":"Posted 2\u00a0Monaten ago","modified":"Updated 2\u00a0Monaten ago"},"absolute_dates":{"created":"Posted on 11. M\u00e4rz 2026","modified":"Updated on 11. M\u00e4rz 2026"},"absolute_dates_time":{"created":"Posted on 11. M\u00e4rz 2026 14:13","modified":"Updated on 11. M\u00e4rz 2026 14:39"},"featured_img_caption":"","series_order":"","jetpack_sharing_enabled":true,"_links":{"self":[{"href":"https:\/\/feuerwehrwoerth.de\/index.php\/wp-json\/wp\/v2\/posts\/8117","targetHints":{"allow":["GET"]}}],"collection":[{"href":"https:\/\/feuerwehrwoerth.de\/index.php\/wp-json\/wp\/v2\/posts"}],"about":[{"href":"https:\/\/feuerwehrwoerth.de\/index.php\/wp-json\/wp\/v2\/types\/post"}],"author":[{"embeddable":true,"href":"https:\/\/feuerwehrwoerth.de\/index.php\/wp-json\/wp\/v2\/users\/2"}],"replies":[{"embeddable":true,"href":"https:\/\/feuerwehrwoerth.de\/index.php\/wp-json\/wp\/v2\/comments?post=8117"}],"version-history":[{"count":2,"href":"https:\/\/feuerwehrwoerth.de\/index.php\/wp-json\/wp\/v2\/posts\/8117\/revisions"}],"predecessor-version":[{"id":8127,"href":"https:\/\/feuerwehrwoerth.de\/index.php\/wp-json\/wp\/v2\/posts\/8117\/revisions\/8127"}],"wp:featuredmedia":[{"embeddable":true,"href":"https:\/\/feuerwehrwoerth.de\/index.php\/wp-json\/wp\/v2\/media\/8118"}],"wp:attachment":[{"href":"https:\/\/feuerwehrwoerth.de\/index.php\/wp-json\/wp\/v2\/media?parent=8117"}],"wp:term":[{"taxonomy":"category","embeddable":true,"href":"https:\/\/feuerwehrwoerth.de\/index.php\/wp-json\/wp\/v2\/categories?post=8117"},{"taxonomy":"post_tag","embeddable":true,"href":"https:\/\/feuerwehrwoerth.de\/index.php\/wp-json\/wp\/v2\/tags?post=8117"}],"curies":[{"name":"wp","href":"https:\/\/api.w.org\/{rel}","templated":true}]}}