{"id":9346,"date":"2026-04-26T12:22:18","date_gmt":"2026-04-26T10:22:18","guid":{"rendered":"https:\/\/feuerwehrwoerth.de\/?p=9346"},"modified":"2026-04-26T13:17:20","modified_gmt":"2026-04-26T11:17:20","slug":"neute-atemschutzgeraetetraeger-fuer-die-feuerwehr-woerth-am-rhein","status":"publish","type":"post","link":"https:\/\/feuerwehrwoerth.de\/index.php\/2026\/04\/26\/neute-atemschutzgeraetetraeger-fuer-die-feuerwehr-woerth-am-rhein\/","title":{"rendered":"Neue Atemschutzger\u00e4tetr\u00e4ger f\u00fcr die Feuerwehr W\u00f6rth am Rhein"},"content":{"rendered":"\n<p>In den vergangenen zwei Wochen haben mehrere Kameraden der Einheiten Maximiliansau und W\u00f6rth erfolgreich am Atemschutzlehrgang in R\u00fclzheim teilgenommen. Dieser Lehrgang z\u00e4hlt zu den wichtigsten Ausbildungen im Feuerwehrdienst, da er den Grundstein f\u00fcr den Einsatz in besonders gef\u00e4hrlichen Situationen legt \u2013 etwa bei Br\u00e4nden mit starker Rauchentwicklung oder in verrauchten Geb\u00e4uden.<\/p>\n\n\n\n<p>Im Rahmen des Lehrgangs wurden die Teilnehmer intensiv auf die Aufgaben als Atemschutzger\u00e4tetr\u00e4ger vorbereitet. Neben theoretischem Wissen \u00fcber Atemgifte, Ger\u00e4tekunde und Einsatzgrunds\u00e4tze standen auch zahlreiche praktische \u00dcbungen auf dem Programm. Dazu z\u00e4hlten unter anderem das sichere Anlegen der Atemschutzger\u00e4te, das Vorgehen in verrauchten R\u00e4umen sowie das Verhalten in Notsituationen.<\/p>\n\n\n\n<p>Ein herzlicher Dank geht an dieser Stelle an die Ausbilderinnen und Ausbilder der Feuerwehr R\u00fclzheim f\u00fcr ihre engagierte und professionelle Durchf\u00fchrung des Lehrgangs.<\/p>\n\n\n\n<p>Wir gratulieren unseren Kameraden Lennard B\u00fcrger, Constantin Hartmann und Patrick Voigt ganz herzlich zum Bestehen des Lehrgangs und zur neuen Qualifikation als Atemschutzger\u00e4tetr\u00e4ger \u2013 ein weiterer wichtiger Schritt im ehrenamtlichen Dienst f\u00fcr unsere Mitb\u00fcrgerinnen und Mitb\u00fcrger.<\/p>\n\n\n\n<p>Deine Feuerwehr W\u00f6rth \u2013 gemeinsam f\u00fcr unsere Sicherheit.<\/p>\n\n\n\n<figure class=\"wp-block-image size-large\"><img loading=\"lazy\" decoding=\"async\" width=\"2048\" height=\"1536\" src=\"https:\/\/feuerwehrwoerth.de\/wp-content\/uploads\/2026\/04\/WhatsApp-Image-2026-04-26-at-12.42.13.jpeg\" alt=\"\" class=\"wp-image-9350\" srcset=\"https:\/\/feuerwehrwoerth.de\/wp-content\/uploads\/2026\/04\/WhatsApp-Image-2026-04-26-at-12.42.13.jpeg 2048w, https:\/\/feuerwehrwoerth.de\/wp-content\/uploads\/2026\/04\/WhatsApp-Image-2026-04-26-at-12.42.13-300x225.jpeg 300w, https:\/\/feuerwehrwoerth.de\/wp-content\/uploads\/2026\/04\/WhatsApp-Image-2026-04-26-at-12.42.13-1024x768.jpeg 1024w, https:\/\/feuerwehrwoerth.de\/wp-content\/uploads\/2026\/04\/WhatsApp-Image-2026-04-26-at-12.42.13-768x576.jpeg 768w, https:\/\/feuerwehrwoerth.de\/wp-content\/uploads\/2026\/04\/WhatsApp-Image-2026-04-26-at-12.42.13-1536x1152.jpeg 1536w, https:\/\/feuerwehrwoerth.de\/wp-content\/uploads\/2026\/04\/WhatsApp-Image-2026-04-26-at-12.42.13-500x375.jpeg 500w, https:\/\/feuerwehrwoerth.de\/wp-content\/uploads\/2026\/04\/WhatsApp-Image-2026-04-26-at-12.42.13-800x600.jpeg 800w, https:\/\/feuerwehrwoerth.de\/wp-content\/uploads\/2026\/04\/WhatsApp-Image-2026-04-26-at-12.42.13-1280x960.jpeg 1280w, https:\/\/feuerwehrwoerth.de\/wp-content\/uploads\/2026\/04\/WhatsApp-Image-2026-04-26-at-12.42.13-1920x1440.jpeg 1920w\" sizes=\"auto, (max-width: 2048px) 100vw, 2048px\" \/><\/figure>\n","protected":false},"excerpt":{"rendered":"<p>In den vergangenen zwei Wochen haben mehrere Kameraden der Einheiten Maximiliansau und W\u00f6rth erfolgreich am Atemschutzlehrgang in R\u00fclzheim teilgenommen. Dieser Lehrgang z\u00e4hlt zu den wichtigsten Ausbildungen im Feuerwehrdienst, da er den Grundstein f\u00fcr den Einsatz in besonders gef\u00e4hrlichen Situationen legt \u2013 etwa bei Br\u00e4nden mit starker Rauchentwicklung oder in verrauchten Geb\u00e4uden. Im Rahmen des Lehrgangs [&hellip;]<\/p>\n","protected":false},"author":1,"featured_media":2659,"comment_status":"closed","ping_status":"open","sticky":false,"template":"","format":"standard","meta":{"advgb_blocks_editor_width":"","advgb_blocks_columns_visual_guide":"","ngg_post_thumbnail":0,"_jetpack_memberships_contains_paid_content":false,"footnotes":""},"categories":[1,39],"tags":[68,105],"class_list":["post-9346","post","type-post","status-publish","format-standard","has-post-thumbnail","hentry","category-allgemein","category-ausbildung","tag-agt","tag-ausbildung"],"author_meta":{"display_name":"Christian","author_link":"https:\/\/feuerwehrwoerth.de\/index.php\/author\/chris\/"},"featured_img":"https:\/\/feuerwehrwoerth.de\/wp-content\/uploads\/2021\/12\/facheinheit-atemschutz-artikelbild-e1681295506351-300x164.jpg","jetpack_featured_media_url":"https:\/\/feuerwehrwoerth.de\/wp-content\/uploads\/2021\/12\/facheinheit-atemschutz-artikelbild-e1681295506351.jpg","coauthors":[],"tax_additional":{"categories":{"linked":["<a href=\"https:\/\/feuerwehrwoerth.de\/index.php\/category\/allgemein\/\" class=\"advgb-post-tax-term\">Allgemein<\/a>","<a href=\"https:\/\/feuerwehrwoerth.de\/index.php\/category\/ausbildung\/\" class=\"advgb-post-tax-term\">Ausbildung<\/a>"],"unlinked":["<span class=\"advgb-post-tax-term\">Allgemein<\/span>","<span class=\"advgb-post-tax-term\">Ausbildung<\/span>"]},"tags":{"linked":["<a href=\"https:\/\/feuerwehrwoerth.de\/index.php\/category\/ausbildung\/\" class=\"advgb-post-tax-term\">agt<\/a>","<a href=\"https:\/\/feuerwehrwoerth.de\/index.php\/category\/ausbildung\/\" class=\"advgb-post-tax-term\">ausbildung<\/a>"],"unlinked":["<span class=\"advgb-post-tax-term\">agt<\/span>","<span class=\"advgb-post-tax-term\">ausbildung<\/span>"]}},"comment_count":"0","relative_dates":{"created":"Posted 1\u00a0Stunde ago","modified":"Updated 24\u00a0Minuten ago"},"absolute_dates":{"created":"Posted on 26. April 2026","modified":"Updated on 26. April 2026"},"absolute_dates_time":{"created":"Posted on 26. April 2026 12:22","modified":"Updated on 26. April 2026 13:17"},"featured_img_caption":"","series_order":"","jetpack_sharing_enabled":true,"_links":{"self":[{"href":"https:\/\/feuerwehrwoerth.de\/index.php\/wp-json\/wp\/v2\/posts\/9346","targetHints":{"allow":["GET"]}}],"collection":[{"href":"https:\/\/feuerwehrwoerth.de\/index.php\/wp-json\/wp\/v2\/posts"}],"about":[{"href":"https:\/\/feuerwehrwoerth.de\/index.php\/wp-json\/wp\/v2\/types\/post"}],"author":[{"embeddable":true,"href":"https:\/\/feuerwehrwoerth.de\/index.php\/wp-json\/wp\/v2\/users\/1"}],"replies":[{"embeddable":true,"href":"https:\/\/feuerwehrwoerth.de\/index.php\/wp-json\/wp\/v2\/comments?post=9346"}],"version-history":[{"count":5,"href":"https:\/\/feuerwehrwoerth.de\/index.php\/wp-json\/wp\/v2\/posts\/9346\/revisions"}],"predecessor-version":[{"id":9353,"href":"https:\/\/feuerwehrwoerth.de\/index.php\/wp-json\/wp\/v2\/posts\/9346\/revisions\/9353"}],"wp:featuredmedia":[{"embeddable":true,"href":"https:\/\/feuerwehrwoerth.de\/index.php\/wp-json\/wp\/v2\/media\/2659"}],"wp:attachment":[{"href":"https:\/\/feuerwehrwoerth.de\/index.php\/wp-json\/wp\/v2\/media?parent=9346"}],"wp:term":[{"taxonomy":"category","embeddable":true,"href":"https:\/\/feuerwehrwoerth.de\/index.php\/wp-json\/wp\/v2\/categories?post=9346"},{"taxonomy":"post_tag","embeddable":true,"href":"https:\/\/feuerwehrwoerth.de\/index.php\/wp-json\/wp\/v2\/tags?post=9346"}],"curies":[{"name":"wp","href":"https:\/\/api.w.org\/{rel}","templated":true}]}}